{"id":144,"date":"2022-06-27T16:35:56","date_gmt":"2022-06-27T19:35:56","guid":{"rendered":"http:\/\/losintereses.ar\/?p=144"},"modified":"2022-06-27T16:35:58","modified_gmt":"2022-06-27T19:35:58","slug":"pensar-los-grupos-de-poder-en-america-latina","status":"publish","type":"post","link":"http:\/\/losintereses.ar\/index.php\/2022\/06\/27\/pensar-los-grupos-de-poder-en-america-latina\/","title":{"rendered":"Pensar los Grupos de Poder en Am\u00e9rica Latina"},"content":{"rendered":"\n<p>180625  <\/p>\n\n\n\n<p>Am\u00e9rica Latina atraviesa momentos cr\u00edticos. La victoria de fuerzas pol\u00edticas con perfil y orientaci\u00f3n de derecha en varios pa\u00edses de la regi\u00f3n visibiliz\u00f3 un campo de exploraci\u00f3n cl\u00e1sico en las ciencias sociales: los grupos de poder. El modo en que estos grupos ejercen la dominaci\u00f3n pol\u00edtica es hoy objeto de interrogaci\u00f3n en numerosas investigaciones. En Argentina, el gobierno de Cambiemos (2015) presenta rasgos novedosos en cuanto al perfil educativo y socioecon\u00f3mico del presidente Mauricio Macri y de su gabinete ministerial. En Am\u00e9rica Latina hay continuidades y rupturas en cada uno de los pa\u00edses. Los gobiernos de derecha presentan perfiles diversos: en algunos casos con funcionarios y funcionarias de corte empresarial, en otros, con una clase pol\u00edtica y un funcionariado con larga trayectoria de desempe\u00f1o en la \u00f3rbita p\u00fablica aun cuando las pol\u00edticas socioecon\u00f3micas tienen una clara orientaci\u00f3n hacia el mercado. Poner atenci\u00f3n en los\u00a0<em>conceptos<\/em>\u00a0y\u00a0<em>territorios\u00a0<\/em>desde los cuales nuestras investigaciones est\u00e1n abordando estos procesos resulta un buen punto de partida para dar cuenta de esta complejidad. Creemos que es necesario construir perspectivas que permitan desafiar compartimentos estancos. Es decir, que posibiliten mirar los fen\u00f3menos desde una perspectiva territorial compleja que articule distintas dimensiones(p.ej. municipal, provincial, nacional o regional); o bien, que observe y tensione los territorios desde una perspectiva latinoamericana comparativa. Al mismo tiempo, nos proponemos discutir el potencial y la vigencia de los conceptos cl\u00e1sicos sobre los grupos de poder-muchas veces desestimados en funci\u00f3n de supuestas modas te\u00f3ricas- a la hora de captar la complejidad de los actuales procesos de la regi\u00f3n.<\/p>\n\n\n\n<p>Estas II Jornadas buscan retomar los debates iniciados en 2017 y continuar con el proceso de reflexi\u00f3n acerca de los grupos de poder en Am\u00e9rica Latina en el siglo XXI. El actual escenario pol\u00edtico nos demanda un mayor desaf\u00edo intelectual para complejizar nuestras interpretaciones. Afinar las categor\u00edas con las que hemos mirado estos procesos para explicar la nueva coyuntura solo ser\u00e1 posible a partir del intercambio entre la pluralidad de enfoques sobre el tema.<\/p>\n\n\n\n<p><a href=\"http:\/\/www.ceil-conicet.gov.ar\/2018\/06\/ii-jornadas-pensar-los-grupos-de-poder-en-america-latina-conceptos-y-territorios\/\" target=\"_blank\" rel=\"noreferrer noopener\">http:\/\/www.ceil-conicet.gov.ar\/2018\/06\/ii-jornadas-pensar-los-grupos-de-poder-en-america-latina-conceptos-y-territorios\/<\/a><\/p>\n\n\n\n<hr class=\"wp-block-separator has-alpha-channel-opacity\"\/>\n","protected":false},"excerpt":{"rendered":"<p>180625 Am\u00e9rica Latina atraviesa momentos cr\u00edticos. La victoria de fuerzas pol\u00edticas con perfil y orientaci\u00f3n de derecha en varios pa\u00edses de la regi\u00f3n visibiliz\u00f3 un &hellip;<\/p>\n","protected":false},"author":1,"featured_media":0,"comment_status":"open","ping_status":"open","sticky":false,"template":"","format":"standard","meta":{"om_disable_all_campaigns":false,"_mi_skip_tracking":false,"_monsterinsights_sitenote_active":false,"_monsterinsights_sitenote_note":"","_monsterinsights_sitenote_category":0,"footnotes":""},"categories":[1],"tags":[],"aioseo_notices":[],"_links":{"self":[{"href":"http:\/\/losintereses.ar\/index.php\/wp-json\/wp\/v2\/posts\/144"}],"collection":[{"href":"http:\/\/losintereses.ar\/index.php\/wp-json\/wp\/v2\/posts"}],"about":[{"href":"http:\/\/losintereses.ar\/index.php\/wp-json\/wp\/v2\/types\/post"}],"author":[{"embeddable":true,"href":"http:\/\/losintereses.ar\/index.php\/wp-json\/wp\/v2\/users\/1"}],"replies":[{"embeddable":true,"href":"http:\/\/losintereses.ar\/index.php\/wp-json\/wp\/v2\/comments?post=144"}],"version-history":[{"count":1,"href":"http:\/\/losintereses.ar\/index.php\/wp-json\/wp\/v2\/posts\/144\/revisions"}],"predecessor-version":[{"id":145,"href":"http:\/\/losintereses.ar\/index.php\/wp-json\/wp\/v2\/posts\/144\/revisions\/145"}],"wp:attachment":[{"href":"http:\/\/losintereses.ar\/index.php\/wp-json\/wp\/v2\/media?parent=144"}],"wp:term":[{"taxonomy":"category","embeddable":true,"href":"http:\/\/losintereses.ar\/index.php\/wp-json\/wp\/v2\/categories?post=144"},{"taxonomy":"post_tag","embeddable":true,"href":"http:\/\/losintereses.ar\/index.php\/wp-json\/wp\/v2\/tags?post=144"}],"curies":[{"name":"wp","href":"https:\/\/api.w.org\/{rel}","templated":true}]}}