{"id":164,"date":"2022-06-28T09:51:25","date_gmt":"2022-06-28T12:51:25","guid":{"rendered":"http:\/\/losintereses.ar\/?p=164"},"modified":"2022-06-28T10:22:30","modified_gmt":"2022-06-28T13:22:30","slug":"como-clarin-se-hizo-con-el-poder-mediaticoa","status":"publish","type":"post","link":"http:\/\/losintereses.ar\/index.php\/2022\/06\/28\/como-clarin-se-hizo-con-el-poder-mediaticoa\/","title":{"rendered":"Como Clar\u00edn se hizo con el Poder Medi\u00e1ticoa"},"content":{"rendered":"\n<p>Nazareno Grossi, Por \u00a0<a href=\"https:\/\/somosperiodismo.es\/author\/somosperiodismo\/\">SomosPeriodismo<\/a>, 28 enero 2021<\/p>\n\n\n\n<figure class=\"wp-block-image\"><img decoding=\"async\" src=\"https:\/\/somosperiodismo.es\/wp-content\/uploads\/2021\/01\/Grupo-Clarin.jpg\" alt=\"\" title=\"Grupo Clar\u00edn\"\/><figcaption>Grupo Clar\u00edn<\/figcaption><\/figure>\n\n\n\n<h2 class=\"wp-block-heading\">El Grupo Clar\u00edn trep\u00f3 hacia lo m\u00e1s alto y se adue\u00f1\u00f3 de la informaci\u00f3n<\/h2>\n\n\n\n<p>Quien maneja la informaci\u00f3n, moldea el pensamiento. En Argentina, la mayor\u00eda de la informaci\u00f3n proviene del poderoso Grupo Clar\u00edn. Si bien todos los argentinos lo conocen y gran parte de ellos lo consumen a diario, no todos saben c\u00f3mo lleg\u00f3 a ser lo que es.<\/p>\n\n\n\n<p>En este trabajo se analiza el poder que obtuvo el mayor conglomerado medi\u00e1tico de Argentina gracias, principalmente, a la adquisici\u00f3n de la \u00fanica empresa dedicada a la fabricaci\u00f3n de papel para diarios y la competencia desleal que esto supuso.<\/p>\n\n\n\n<p>En la historia de Clar\u00edn, el papel de la pol\u00edtica siempre fue determinante. La compra de Papel Prensa y el crecimiento desmesurado de la empresa fueron consecuencia de la buena relaci\u00f3n del grupo con la dictadura militar y los posteriores gobiernos liberales.<\/p>\n\n\n\n<h2 class=\"wp-block-heading\">Introducci\u00f3n<\/h2>\n\n\n\n<p>El Grupo Clar\u00edn S.A. es el grupo de empresas de medios de comunicaci\u00f3n m\u00e1s grande de la Rep\u00fablica Argentina. Si bien se constituy\u00f3 como Sociedad An\u00f3nima reci\u00e9n a finales del 1999, el conglomerado ya hab\u00eda ido conform\u00e1ndose por diferentes empresas desde su fundaci\u00f3n. La ilustraci\u00f3n 1 muestra todas las empresas relacionadas con el Grupo Clar\u00edn y su participaci\u00f3n accionaria en ellas expresadas en porcentajes.<\/p>\n\n\n\n<figure class=\"wp-block-image\"><a href=\"https:\/\/somosperiodismo.es\/wp-content\/uploads\/2021\/01\/image-1-845x1024.png\"><img decoding=\"async\" src=\"https:\/\/somosperiodismo.es\/wp-content\/uploads\/2021\/01\/image-1-845x1024.png\" alt=\"\" class=\"wp-image-2938\"\/><\/a><figcaption>Ilustraci\u00f3n 1. Empresas que forman el Grupo Clar\u00edn. \/ Fuente: Miradas del Centro<\/figcaption><\/figure>\n\n\n\n<p>Seg\u00fan los datos publicados por el propio grupo, las ventas del diario Clar\u00edn rondan los&nbsp;<strong>215 mil ejemplares diarios promedio<\/strong>, incluyendo las ediciones digitales, superando en un 130% a sus competidores m\u00e1s cercanos, mientras que los domingos las ventas alcanzan los&nbsp;<strong>400 mil ejemplares diarios promedio<\/strong>. Esto lo posiciona entre los 10 principales diarios dominicales del mundo. La participaci\u00f3n de Clar\u00edn en el mercado de diarios en Capital Federal y Gran Buenos Aires es del&nbsp;<strong>46,45%<\/strong>, y a nivel nacional, el&nbsp;<strong>28,27%<\/strong>.<\/p>\n\n\n\n<p><strong>Concentra el 25% de todas las audiencias del pa\u00eds: 6,84% en radio, 10,62% en televisi\u00f3n y 7,82% en diarios. En 2017 obtuvo ganancias por 159 millones de d\u00f3lares<\/strong>, cuando el resto de los grupos medi\u00e1ticos que ser\u00edan su competencia no llegaron a cruzar el umbral de los 10 millones de d\u00f3lares. Obviamente, la renta del Grupo Clar\u00edn se multiplica con creces si, adem\u00e1s, se incorporan sus unidades de negocios hoy agrupadas en Cablevisi\u00f3n Holding.<\/p>\n\n\n\n<p>Del total de sus acciones, el&nbsp;<strong>71%<\/strong>&nbsp;corresponde a 5 accionistas controlantes. El&nbsp;<strong>29%<\/strong>&nbsp;restante est\u00e1 dividido entre las acciones que cotizan en bolsa (<strong>20%<\/strong>) y el grupo Goldman Sachs (<strong>9%<\/strong>).<\/p>\n\n\n\n<figure class=\"wp-block-image\"><a href=\"https:\/\/somosperiodismo.es\/wp-content\/uploads\/2021\/01\/image-3.png\"><img decoding=\"async\" src=\"https:\/\/somosperiodismo.es\/wp-content\/uploads\/2021\/01\/image-3.png\" alt=\"\" class=\"wp-image-2943\"\/><\/a><figcaption>Ilustraci\u00f3n2. Paquete accionario Grupo Clar\u00edn. \/ Fuente: Grupo Clar\u00edn<\/figcaption><\/figure>\n\n\n\n<p>De ese 71% que poseen los accionistas controlantes, el 29,8% pertenece a H\u00e9ctor Magneto, el 49,6% a los herederos Marcela Noble Herrena (24,8%) y Felipe Noble Herrena (24,8%), el 10,3% a Jos\u00e9 Antonio Aranda y el 10,2% a Lucio Rafael Pagliaro.<\/p>\n\n\n\n<figure class=\"wp-block-image\"><a href=\"https:\/\/somosperiodismo.es\/wp-content\/uploads\/2021\/01\/image-4.png\"><img decoding=\"async\" src=\"https:\/\/somosperiodismo.es\/wp-content\/uploads\/2021\/01\/image-4.png\" alt=\"\" class=\"wp-image-2944\"\/><\/a><figcaption>Ilustraci\u00f3n 3. Accionistas. \/ Fuente: Media Ownership Monitor Argentina<\/figcaption><\/figure>\n\n\n\n<p>La ilustraci\u00f3n 3 muestra que el conglomerado de medios m\u00e1s grande y de mayor influencia de Argentina, est\u00e1 manejado por unas pocas personas que tienen m\u00e1s del 70% de las acciones. Esta concentraci\u00f3n de poder compromete y limita el derecho a la libertad de expresi\u00f3n y especialmente el derecho a la informaci\u00f3n que son derechos fundamentales en una sociedad democr\u00e1tica.<\/p>\n\n\n\n<h2 class=\"wp-block-heading\">Historia<\/h2>\n\n\n\n<p>Todo comenz\u00f3 el 28 de agosto de 1945, cuando el periodista, abogado y legislador socialista Roberto Noble fund\u00f3 el diario Clar\u00edn. En 1965, Clar\u00edn se convierte en el diario m\u00e1s vendido de la ciudad de Buenos Aires y, al cabo de dos a\u00f1os, lanza su revista llamada Clar\u00edn Revista.<\/p>\n\n\n\n<p>En 1976, inaugura su primera subsidiaria, la empresa Artes Gr\u00e1ficas Rioplatense y, en 1977, junto a los diarios La Naci\u00f3n y La Raz\u00f3n, Clar\u00edn realiza la famosa compra de acciones de la papelera Papel Prensa S.A.<br>Ya en 1980, el Grupo Clar\u00edn se hab\u00eda convertido en el mayor distribuidor de diarios en el mundo hispanohablante, alcanzando los&nbsp;<strong>900 millones de d\u00f3lares de ganancias<\/strong>. En 1982, contin\u00faa su ampliaci\u00f3n con la creaci\u00f3n de la agencia de noticias Diarios y Noticias (DyN).<\/p>\n\n\n\n<p>La d\u00e9cada de los 90 estar\u00eda marcada por un crecimiento abrumador del grupo. Clar\u00edn inicia su proceso de integraci\u00f3n horizontal y adquiere derechos televisivos, operando Canal 13 (poderoso todav\u00eda hoy en d\u00eda) y Radio Mitre (una de las m\u00e1s escuchadas en Argentina). Tiempo m\u00e1s tarde, se fundar\u00eda el diario Ol\u00e9, el peri\u00f3dico deportivo m\u00e1s le\u00eddo del pa\u00eds hasta el d\u00eda de hoy. Por otra parte, se adquirir\u00eda de los diarios La Voz del Interior, Los Andes, el cable de televisi\u00f3n Multicanal, Todo Noticias y la se\u00f1al Volver.<\/p>\n\n\n\n<p>Tras su constituci\u00f3n oficial como Sociedad An\u00f3nima en 1999, el Grupo Clar\u00edn firmar\u00eda un acuerdo con Goldman Sachs para que sea socio minoritario con una participaci\u00f3n del&nbsp;<strong>18% de las acciones<\/strong>. La operaci\u00f3n se cerrar\u00eda en&nbsp;<strong>6.500 millones de d\u00f3lares<\/strong>. En el a\u00f1o 2000, el Grupo Clar\u00edn se har\u00eda con el diario La Raz\u00f3n y la productora Pol-ka. Poco tiempo m\u00e1s tarde, acciones de Patagonik, Cablevisi\u00f3n tambi\u00e9n ser\u00edan propiedad del conglomerado m\u00e1s poderoso de Argentina. Despu\u00e9s de la fusi\u00f3n, Cablevisi\u00f3n ser\u00eda el cableoperador m\u00e1s popular con m\u00e1s de&nbsp;<strong>3 millones de abonados<\/strong>.<\/p>\n\n\n\n<h2 class=\"wp-block-heading\">Caso Papel Prensa<\/h2>\n\n\n\n<p>Una de sus adquisiciones, sin duda la m\u00e1s comentada y que todav\u00eda da mucho que hablar, fue la compra de las acciones de la empresa Papel Prensa SA.<\/p>\n\n\n\n<p>Papel prensa es una empresa dedicada a la producci\u00f3n de papel para la fabricaci\u00f3n de diarios. Fue fundada a principio de los a\u00f1os 70 por un grupo inversor, entre los que estaba el Estado Nacional, para sustituir las importaciones de papel que supon\u00edan un gran coste para la industria de la informaci\u00f3n. La empresa se puso en funcionamiento y pas\u00f3 r\u00e1pidamente, en circunstancias algo opacas, a manos de nuevos accionistas que resultaron ser testaferros de David Graiver, por lo que se gest\u00f3 un monopolio que controlar\u00eda este importante insumo durante varios a\u00f1os.<\/p>\n\n\n\n<p>David Graiver era un poderoso empresario propietario de diferentes entidades bancarias en Argentina y en el mundo, aparte de decenas de compa\u00f1\u00edas distribuidas en distintos pa\u00edses. A sus 35 a\u00f1os ten\u00eda un capital acumulado superior a los 200 millones de d\u00f3lares.<\/p>\n\n\n\n<p>Durante la dictadura de Alejandro Lanusse, fue Subsecretario General del ministerio de Bienestar. A\u00f1os m\u00e1s tarde, fue asesor de confianza del ministro de Econom\u00eda. Tambi\u00e9n fue socio del periodista Jacobo Timerman como inversor del diario La Opini\u00f3n. Por otra parte, a Graiver siempre se le asoci\u00f3 con el grupo guerrillero Montoneros, a los que, seg\u00fan integrantes militares, le serv\u00eda como administrador de los fondos que dicha organizaci\u00f3n obtuvo por el secuestro de Jorge Born, importante accionista del grupo Bunge &amp; Born.<\/p>\n\n\n\n<p>Fue sometido a investigaciones por parte del Banco Central y otras grandes entidades. Sin embargo, gracias a poderosos contactos nunca lleg\u00f3 a tener grandes problemas con la justicia.<\/p>\n\n\n\n<p>Graiver falleci\u00f3 en un accidente a\u00e9reo en agosto de 1976, pocos meses despu\u00e9s de ser iniciado el proceso de dictadura militar en Argentina. De esta forma, la viuda Lidia Papaleo y el hermano del difunto pasaron a ser los responsables de las empresas que Graiver pose\u00eda. Al poco tiempo, comenzaron a recibir constantes ofertas por parte de Fapel S.A. para vender Papel Prensa SA, a lo que finalmente accedieron. Solo 8 d\u00edas despu\u00e9s, Fapel SA transfiere todas las acciones a Clar\u00edn, La Naci\u00f3n y La Raz\u00f3n. Papel Prensa hab\u00eda cambiado de manos, pero segu\u00eda siendo un monopolio, perjudicando a\u00fan m\u00e1s a los diarios de la competencia que no ten\u00edan otra opci\u00f3n para acceder al papel porque el gobierno de facto se hab\u00eda encargado de establecer altos aranceles a la importaci\u00f3n de este producto.<\/p>\n\n\n\n<figure class=\"wp-block-image\"><a href=\"https:\/\/somosperiodismo.es\/wp-content\/uploads\/2021\/01\/image-5.png\"><img decoding=\"async\" src=\"https:\/\/somosperiodismo.es\/wp-content\/uploads\/2021\/01\/image-5.png\" alt=\"\" class=\"wp-image-2945\"\/><\/a><figcaption>Ilustraci\u00f3n 4. Videla inaugura la planta de Papel Prensa.<\/figcaption><\/figure>\n\n\n\n<p>Tras la apropiaci\u00f3n de la empresa Papel Prensa, el Grupo Clar\u00edn y el gobierno militar establecieron un pacto en el que se acordaba un mutuo apoyo. Videla y compa\u00f1\u00eda tuvieron gran influencia en el traspaso de los bienes y por ello exig\u00edan a Clar\u00edn un respaldo durante el mandato.<\/p>\n\n\n\n<p>Esta asociaci\u00f3n entre partes se vio reflejada en las portadas y editoriales del diario Clar\u00edn durante los a\u00f1os de dictadura, en las que el peri\u00f3dico justificaba la presencia del r\u00e9gimen y todas sus decisiones.<\/p>\n\n\n\n<figure class=\"wp-block-image\"><a href=\"https:\/\/www.youtube.com\/embed\/orwpcpErC6M?feature=oembed\" target=\"_blank\" rel=\"noreferrer noopener\"><img decoding=\"async\" src=\"https:\/\/somosperiodismo.es\/wp-content\/uploads\/2021\/01\/image-6.png\" alt=\"\" class=\"wp-image-2946\"\/><\/a><figcaption>Ilustraci\u00f3n 5. Informe especial Papel Prensa. \/ Fuente: Youtube<\/figcaption><\/figure>\n\n\n\n<p>La idea establecida por parte del Ministerio de Econom\u00eda de la dictadura de Videla para que Clar\u00edn, junto a La Naci\u00f3n y La Raz\u00f3n, se adue\u00f1aran con una empresa como Papel Prensa, no plante\u00f3 dudas en los argentinos. El gobierno militar convenci\u00f3 a los tres diarios de llevar a cabo un acuerdo mutuo que, si bien no se estableci\u00f3 de forma p\u00fablica ni a trav\u00e9s de ning\u00fan documento, se vio reflejado en la actitud de las empresas a lo largo del mandato. Ninguna de las tres entidades tuvo independencia en sus editoriales y los documentos de la \u00e9poca no dejan dudas sobre la buena relaci\u00f3n que mantuvieron los diarios accionistas de Papel Prensa con la dictadura argentina.<\/p>\n\n\n\n<p>El 25 de marzo de 1976, un d\u00eda despu\u00e9s del Golpe de Estado de Videla y compa\u00f1\u00eda, Clar\u00edn publicaba la tapa del diario con un \u201cTotal Normalidad\u201d (v\u00e9ase ilustraci\u00f3n 6) en el d\u00eda que la dictadura daba comienzo. Una publicaci\u00f3n que evidenciaba la gran amistad entre el peri\u00f3dico m\u00e1s le\u00eddo del pa\u00eds y las fuerzas armadas.<\/p>\n\n\n\n<figure class=\"wp-block-image\"><a href=\"https:\/\/somosperiodismo.es\/wp-content\/uploads\/2021\/01\/image-7.png\"><img decoding=\"async\" src=\"https:\/\/somosperiodismo.es\/wp-content\/uploads\/2021\/01\/image-7.png\" alt=\"\" class=\"wp-image-2947\"\/><\/a><figcaption>Ilustraci\u00f3n 6. Portada del Diario Clar\u00edn del 25 de marzo de 1976<\/figcaption><\/figure>\n\n\n\n<p>Es evidente que desde su creaci\u00f3n y hasta la actualidad el tema de Papel Prensa est\u00e1 rodeado de situaciones que dejan muchos interrogantes:<\/p>\n\n\n\n<ul><li>El \u201cAccidente\u201d de su propietario cuando comienza el gobierno militar en Argentina. Se relaciona tambi\u00e9n a Graiver con la agrupaci\u00f3n guerrillera Montoneros, cuyos miembros fueron perseguidos y torturados por la dictadura instaurada en el pa\u00eds en 1976.<\/li><\/ul>\n\n\n\n<h2 class=\"wp-block-heading\">Relaci\u00f3n con el poder pol\u00edtico<\/h2>\n\n\n\n<p>Los medios period\u00edsticos son decisivos en la formaci\u00f3n de la opini\u00f3n p\u00fablica y, por lo tanto, en la decisi\u00f3n pol\u00edtica. Lo que publica Clar\u00edn, con su influencia medi\u00e1tica, tendr\u00e1, inevitablemente, consecuencias pol\u00edticas.<\/p>\n\n\n\n<p>En la historia del Grupo Clar\u00edn, el papel de los grupos pol\u00edticos siempre fue determinante. En apartados anteriores se menciona el v\u00ednculo hist\u00f3rico entre Clar\u00edn y el gobierno militar de Jorge Rafael Videla, pero tambi\u00e9n destaca su relaci\u00f3n con los gobiernos m\u00e1s recientes, principalmente en lo que concierne al caso de Papel Prensa.<\/p>\n\n\n\n<p>Por ello, la presente secci\u00f3n est\u00e1 dedicada concretamente al v\u00ednculo con los gobiernos de Cristina Fern\u00e1ndez de Kirchner y Mauricio Macri.<\/p>\n\n\n\n<h3 class=\"wp-block-heading\">Cristina Fern\u00e1ndez de Kirchner<\/h3>\n\n\n\n<p>Si bien es un tema que siempre estuvo presente, volvi\u00f3 a sonar en todos los medios en 2010. En ese momento, el gobierno de Cristina Fern\u00e1ndez inicia una investigaci\u00f3n sobre la transferencia de 1976 porque, a su entender, se realiz\u00f3 de forma il\u00edcita y bajo violaci\u00f3n de los derechos humanos. Los directores de Clar\u00edn y La Naci\u00f3n, por su parte, acusaban al gobierno de querer limitar la libertad de expresi\u00f3n y de intentar obtener el control de la prensa.<\/p>\n\n\n\n<p>El resultado de esa investigaci\u00f3n fue en un informe que se conoci\u00f3 como \u201cPapel Prensa LA VERDAD\u201d en el que se explicaron varias irregularidades en la transferencia de las acciones de Papel Prensa a Clar\u00edn\/La Naci\u00f3n y como consecuencia se sanciona la Ley N\u00b0 26.736 de 2011, por la que se declar\u00f3 \u201cde inter\u00e9s p\u00fablico\u201d la fabricaci\u00f3n, comercializaci\u00f3n y distribuci\u00f3n de pasta celulosa y papel para diarios, y estableci\u00f3 que se deb\u00eda proveer el papel al mismo precio para todos los medios gr\u00e1ficos.<\/p>\n\n\n\n<figure class=\"wp-block-image\"><a href=\"https:\/\/www.youtube.com\/embed\/UZ0rT4KItgU?feature=oembed\" target=\"_blank\" rel=\"noreferrer noopener\"><img decoding=\"async\" src=\"https:\/\/somosperiodismo.es\/wp-content\/uploads\/2021\/01\/image-8.png\" alt=\"\" class=\"wp-image-2948\"\/><\/a><figcaption>Ilustraci\u00f3n 7. Presentaci\u00f3n de \u00abPapel Prensa LA VERDAD\u00bb por Cristina Kirchner. \/ Fuente: Youtube<\/figcaption><\/figure>\n\n\n\n<h3 class=\"wp-block-heading\">Mauricio Macri<\/h3>\n\n\n\n<p>En 2016, el juez Juli\u00e1n Ercolini sobresey\u00f3 a los directores de Clar\u00edn y La Naci\u00f3n en la causa iniciada en 2010 alegando falta de pruebas. As\u00ed, Clar\u00edn sigui\u00f3 expandiendo su dominio formando el holding medi\u00e1tico m\u00e1s grande de Am\u00e9rica Latina y, en 2018, consigui\u00f3 que el congreso aprobase la Ley de desregulaci\u00f3n de Papel Prensa. Seg\u00fan el grupo, hasta ese momento el coste de importaci\u00f3n era inferior al de compra interna, por eso argumentan que la desregulaci\u00f3n se realiza para incrementar el comercio interno. De esta forma, volvi\u00f3 a tener el manejo total de este insumo y sus incalculables beneficios, lo que para muchos supuso otro golpe a la libertad de expresi\u00f3n y al derecho a la informaci\u00f3n de toda la sociedad.<\/p>\n\n\n\n<p>Durante este lapso, se realizaron numerosos estudios por parte del diario Tiempo y Reporteros Sin Fronteras, donde se aseguraba que el grupo concentraba un&nbsp;<strong>25% del total de audiencia del pa\u00eds<\/strong>. Adem\u00e1s, Clar\u00edn concentra el mayor n\u00famero de ingresos en el mercado de la comunicaci\u00f3n. Tan s\u00f3lo en 2017, el grupo ingres\u00f3&nbsp;<strong>159 millones de d\u00f3lares<\/strong>, atropellando al resto de grupos medi\u00e1ticos quienes no llegaron ni a los&nbsp;<strong>10 millones de d\u00f3lares<\/strong>. Ese mismo a\u00f1o, el Grupo Clar\u00edn junt\u00f3 los servicios de Cablevisi\u00f3n y Telecom, agrupando un&nbsp;<strong>42% de la telefon\u00eda fija<\/strong>&nbsp;de toda la naci\u00f3n, un&nbsp;<strong>34% de telefon\u00eda m\u00f3vil<\/strong>, el&nbsp;<strong>56% de la conexi\u00f3n a internet<\/strong>, el&nbsp;<strong>35% de la conexi\u00f3n a internet m\u00f3vil<\/strong>&nbsp;y el&nbsp;<strong>40% de la televisi\u00f3n de pago<\/strong>.<\/p>\n\n\n\n<p>En 2018, el Grupo Clar\u00edn, fue el principal beneficiado de la distribuci\u00f3n de la publicidad oficial del gobierno nacional, que durante todos estos a\u00f1os presidi\u00f3 Mauricio Macri, con m\u00e1s de&nbsp;<strong>398 millones de pesos de ganancias<\/strong>.<\/p>\n\n\n\n<figure class=\"wp-block-image\"><a href=\"https:\/\/somosperiodismo.es\/wp-content\/uploads\/2021\/01\/image-9.png\"><img decoding=\"async\" src=\"https:\/\/somosperiodismo.es\/wp-content\/uploads\/2021\/01\/image-9.png\" alt=\"\" class=\"wp-image-2949\"\/><\/a><figcaption>Ilustraci\u00f3n 8. Ingresos por publicidad de grupos de comunicaci\u00f3n argentinos. \/ Fuente: Letra P<\/figcaption><\/figure>\n\n\n\n<h2 class=\"wp-block-heading\">La cronolog\u00eda<\/h2>\n\n\n\n<figure class=\"wp-block-image\"><a href=\"https:\/\/somosperiodismo.es\/wp-content\/uploads\/2021\/01\/Cronologia-1.jpg\"><img decoding=\"async\" src=\"https:\/\/somosperiodismo.es\/wp-content\/uploads\/2021\/01\/Cronologia-1-228x300.jpg\" alt=\"\" class=\"wp-image-2969\"\/><\/a><figcaption><a href=\"https:\/\/somosperiodismo.es\/wp-content\/uploads\/2021\/01\/Cronologia-1.jpg\" target=\"_blank\" rel=\"noreferrer noopener\">(Ampliar)<\/a><\/figcaption><\/figure>\n\n\n\n<h2 class=\"wp-block-heading\">Bibliograf\u00eda<\/h2>\n\n\n\n<p>\u00abCercados por Clar\u00edn, Cablevisi\u00f3n y Telecom \u2013 Miradas del Centro\u00bb. Accedido 2 de diciembre de 2020.&nbsp;<a href=\"http:\/\/miradasdelcentro.com.ar\/home%20\/cercados-por-clarin-cablevision-y-telecom\/\" target=\"_blank\" rel=\"noreferrer noopener\">http:\/\/miradasdelcentro.com.ar\/home \/cercados-por-clarin-cablevision-y-telecom\/<\/a>.<\/p>\n\n\n\n<p>Destape, El. \u00abClar\u00edn cumple 75 a\u00f1os: las diez tapas m\u00e1s vergonzosas de su historia\u00bb. Accedido 2 de diciembre de 2020.&nbsp;<a href=\"https:\/\/www.eldestapeweb.com\/atr\/medios\/clarin-cumple-75-anos-las-diez-tapas-mas-vergonzosas-de-su-historia-20208287280\" target=\"_blank\" rel=\"noreferrer noopener\">https:\/\/www.eldestapeweb.com\/atr\/medios\/clarin-cumple-75-anos-las-diez-tapas-mas-vergonzosas-de-su-historia-20208287280<\/a>.<\/p>\n\n\n\n<p>\u00abEstructura Accionaria | Grupo Clar\u00edn\u00bb. Accedido 2 de diciembre de 2020.&nbsp;<a href=\"https:\/\/grupoclarin.com\/institucional\/estructura-accionari\" target=\"_blank\" rel=\"noreferrer noopener\">https:\/\/grupoclarin.com\/institucional\/estructura-accionari<\/a>a.<\/p>\n\n\n\n<p>Espada, Agust\u00edn, y Santiago Marino. \u00abClaves para entender el caso Papel Prensa\u00bb. Chequeado (blog), 2019.&nbsp;<a href=\"https:\/\/chequeado.com\/el-explicador\/claves-para-entender-el-caso-papel-prensa\/\" target=\"_blank\" rel=\"noreferrer noopener\">https:\/\/chequeado.com\/el-explicador\/claves-para-entender-el-caso-papel-prensa\/<\/a>.<\/p>\n\n\n\n<p>Grupo Clar\u00edn S.A. \u00abMemoria y Estados Financieros Consolidados\u00bb, 2019.&nbsp;<a href=\"https:\/\/grupoclarin.com\/IR\/files\/\/Estados-Contables\/2019\/GCSA%20EEFF%20-%20122019.pdf\" target=\"_blank\" rel=\"noreferrer noopener\">https:\/\/grupoclarin.com\/IR\/files\/\/Estados-Contables\/2019\/GCSA%20EEFF%20-%20122019.pdf<\/a>.<\/p>\n\n\n\n<p>\u00abGrupo Clar\u00edn\u00bb. Accedido 2 de diciembre de 2020.&nbsp;<a href=\"https:\/\/argentina.mom-rsf.org\/es\/propietarios\/grupos-mediaticos\/detail\/company\/company\/show\/grupo-clarin\/\" target=\"_blank\" rel=\"noreferrer noopener\">https:\/\/argentina.mom-rsf.org\/es\/propietarios\/grupos-mediaticos\/detail\/company\/company\/show\/grupo-clarin\/<\/a>.<\/p>\n\n\n\n<p>Marino, Santiago. \u00abPauta oficial: Macri gast\u00f3 en seis meses lo mismo que en todo 2018\u00bb. Letra P | Periodismo Pol\u00edtico. Accedido 2 de diciembre de 2020.&nbsp;<a href=\"https:\/\/www.letrap.com.ar\/nota\/2019-7-29-17-14-0-pauta-oficial-en-campana-macri-gasto-en-seis-meses-lo-mismo-que-en-todo-2018\" target=\"_blank\" rel=\"noreferrer noopener\">https:\/\/www.letrap.com.ar\/nota\/2019-7-29-17-14-0-pauta-oficial-en-campana-macri-gasto-en-seis-meses-lo-mismo-que-en-todo-2018<\/a>.<\/p>\n\n\n\n<p>Media Ownership Monitor. \u00abMonitoreo de la propiedad de los medios Argentina\u00bb. Accedido 30 de noviembre de 2020.&nbsp;<a href=\"https:\/\/argentina.mom-rsf.org\/es\/\" target=\"_blank\" rel=\"noreferrer noopener\">https:\/\/argentina.mom-rsf.org\/es\/<\/a>.<\/p>\n\n\n\n<p>La tinta. \u00abPauta oficial: en campa\u00f1a, Macri gast\u00f3 en seis meses lo mismo que en todo 2018\u00bb, 2 de agosto de 2019.&nbsp;<a href=\"https:\/\/latinta.com.ar\/2019\/08\/pauta-oficial-en-campana-macri\/\" target=\"_blank\" rel=\"noreferrer noopener\">https:\/\/latinta.com.ar\/2019\/08\/pauta-oficial-en-campana-macri\/<\/a>.<\/p>\n\n\n\n<p>Todo Noticias. Visi\u00f3n Siete: Objetivo Papel Prensa, 2010.&nbsp;<a href=\"https:\/\/www.youtube.com\/watch?v=orwpcpErC6M&amp;t=287s\" target=\"_blank\" rel=\"noreferrer noopener\">https:\/\/www.youtube.com\/watch?v=orwpcpErC6M&amp;t=287s<\/a>.<br>Traveria Celda, Antoni. \u00abPrensa Escrita y Poder Pol\u00edtico en Argentina (2007-2013). Estudio de caso sobre Papel Prensa S.A.\u00bb<\/p>\n\n\n\n<p>Universitat Aut\u00f2noma de Barcelona, 2013.&nbsp;<a href=\"https:\/\/ddd.uab.cat\/pub\/trerecpro\/2013\/hdl_2072_216841\/Tesina_Final_09-06-13_.pdf\" target=\"_blank\" rel=\"noreferrer noopener\">https:\/\/ddd.uab.cat\/pub\/trerecpro\/2013\/hdl_2072_216841\/Tesina_Final_09-06-13_.pdf<\/a>.<\/p>\n\n\n\n<p>YouTube. Cristina present\u00f3 el informe \u00abPapel Prensa, la verdad\u00bb, Cristina Fern\u00e1ndez de Kirchner, 2013.\u00a0<a href=\"https:\/\/www.youtube.com\/watch?v=0GB5w13wfwM&amp;t=21s\" target=\"_blank\" rel=\"noreferrer noopener\">https:\/\/www.youtube.com\/watch?v=0GB5w13wfwM&amp;t=21s<\/a>.<\/p>\n\n\n\n<hr class=\"wp-block-separator has-alpha-channel-opacity\"\/>\n\n\n\n<hr class=\"wp-block-separator has-alpha-channel-opacity\"\/>\n\n\n\n<h1 class=\"wp-block-heading\">C\u00f3mo el Grupo Clar\u00edn se hizo con el poder medi\u00e1tico en Argentina<\/h1>\n\n\n\n<p><strong>Por<\/strong><em>&nbsp;Nazareno Grossi&nbsp;<\/em>|#SomosPeriodismo.es,   <a href=\"https:\/\/somosperiodismo.com\/author\/somosperiodismo\/\" target=\"_blank\" rel=\"noreferrer noopener\">Somos Periodismo<\/a>, &nbsp;<a href=\"https:\/\/somosperiodismo.com\/category\/noticias\/\">Noticias<\/a><\/p>\n\n\n\n<p>&nbsp;Mar 15, 2021<\/p>\n\n\n\n<p><strong>Considerado uno de los diarios de referencia de Am\u00e9rica Latina, Clar\u00edn es tambi\u00e9n la cara visible de un conglomerado de medios impresos, radiales, televisivos, digitales y de otras empresas vinculadas, que se ha convertido en el monopolio m\u00e1s grande de las telecomunicaciones en Argentina. \u00bfC\u00f3mo lleg\u00f3 a este nivel de concentraci\u00f3n medi\u00e1tica? \u00bfQu\u00e9 prebendas recibi\u00f3 durante la dictadura militar a cambio de su silencio? \u00bfQu\u00e9 pactos pol\u00edticos estableci\u00f3 en el camino para lograr su objetivo? Con este revelador informe, publicado originalmente por la web #SomosPeriodiosmo.es, de la Universidad Aut\u00f3noma de Barcelona, inauguramos una alianza cuyo prop\u00f3sito es vincular tanto la ense\u00f1anza acad\u00e9mica como la producci\u00f3n de contenidos de dos escuelas universitarias unidas por una misma idea: Somos Periodismo.<\/strong><\/p>\n\n\n\n<p>Quien maneja la informaci\u00f3n, moldea el pensamiento. En Argentina, la mayor\u00eda de la informaci\u00f3n proviene del poderoso Grupo Clar\u00edn. Si bien todos los argentinos lo conocen y gran parte de ellos lo consumen a diario, no todos saben c\u00f3mo lleg\u00f3 a ser lo que es.<\/p>\n\n\n\n<p>En este trabajo se analiza el poder que obtuvo el mayor conglomerado medi\u00e1tico de Argentina gracias, principalmente, a la adquisici\u00f3n de la \u00fanica empresa dedicada a la fabricaci\u00f3n de papel para diarios y la competencia desleal que esto supuso.<\/p>\n\n\n\n<p>En la historia de Clar\u00edn, el papel de la pol\u00edtica siempre fue determinante. La compra de Papel Prensa y el crecimiento desmesurado de la empresa fueron consecuencia de la buena relaci\u00f3n del grupo con la dictadura militar y los posteriores gobiernos liberales.<\/p>\n\n\n\n<p><strong>Introducci\u00f3n<\/strong><\/p>\n\n\n\n<p>El Grupo Clar\u00edn S.A. es el grupo de empresas de medios de comunicaci\u00f3n m\u00e1s grande de la Rep\u00fablica Argentina. Si bien se constituy\u00f3 como Sociedad An\u00f3nima reci\u00e9n a finales del 1999, el conglomerado ya hab\u00eda ido conform\u00e1ndose por diferentes empresas desde su fundaci\u00f3n. La ilustraci\u00f3n 1 muestra todas las empresas relacionadas con el Grupo Clar\u00edn y su participaci\u00f3n accionaria en ellas expresadas en porcentajes.<\/p>\n\n\n\n<figure class=\"wp-block-image\" id=\"attachment_14964\"><img decoding=\"async\" src=\"https:\/\/somosperiodismo.com\/wp-content\/uploads\/2021\/03\/imagen-uno.jpg\" alt=\"\" class=\"wp-image-14964\"\/><figcaption>Ilustraci\u00f3n 1. Empresas que forman el Grupo Clar\u00edn. Fuente: Miradas del Centro.<\/figcaption><\/figure>\n\n\n\n<p>Seg\u00fan los datos publicados por el propio grupo, las ventas del diario Clar\u00edn rondan los&nbsp;<strong>215 mil ejemplares diarios promedio<\/strong>, incluyendo las ediciones digitales, superando en un 130% a sus competidores m\u00e1s cercanos, mientras que los domingos las ventas alcanzan los&nbsp;<strong>400 mil ejemplares diarios promedio<\/strong>. Esto lo posiciona entre los 10 principales diarios dominicales del mundo. La participaci\u00f3n de Clar\u00edn en el mercado de diarios en Capital Federal y Gran Buenos Aires es del&nbsp;<strong>46,45%<\/strong>, y a nivel nacional, el&nbsp;<strong>28,27%<\/strong>.<\/p>\n\n\n\n<p><strong>Concentra el 25% de todas las audiencias del pa\u00eds: 6,84% en radio, 10,62% en televisi\u00f3n y 7,82% en diarios. En 2017 obtuvo ganancias por 159 millones de d\u00f3lares<\/strong>, cuando el resto de los grupos medi\u00e1ticos que ser\u00edan su competencia no llegaron a cruzar el umbral de los 10 millones de d\u00f3lares. Obviamente, la renta del Grupo Clar\u00edn se multiplica con creces si, adem\u00e1s, se incorporan sus unidades de negocios hoy agrupadas en Cablevisi\u00f3n Holding.<\/p>\n\n\n\n<p>Del total de sus acciones, el&nbsp;<strong>71%<\/strong>&nbsp;corresponde a 5 accionistas controlantes. El&nbsp;<strong>29%<\/strong>&nbsp;restante est\u00e1 dividido entre las acciones que cotizan en bolsa (<strong>20%<\/strong>) y el grupo Goldman Sachs (<strong>9%<\/strong>).<\/p>\n\n\n\n<p>De ese 71% que poseen los accionistas controlantes, el 29,8% pertenece a H\u00e9ctor Magneto, el 49,6% a los herederos Marcela Noble Herrena (24,8%) y Felipe Noble Herrena (24,8%), el 10,3% a Jos\u00e9 Antonio Aranda y el 10,2% a Lucio Rafael Pagliaro.<\/p>\n\n\n\n<figure class=\"wp-block-image\" id=\"attachment_14957\"><img decoding=\"async\" src=\"https:\/\/somosperiodismo.com\/wp-content\/uploads\/2021\/03\/image-4-1-1.jpg\" alt=\"\" class=\"wp-image-14957\"\/><figcaption>Ilustraci\u00f3n 3. Los principales accionistas del Grupo Clar\u00edn. Fuente: Media Ownership Monitor Argentina.<\/figcaption><\/figure>\n\n\n\n<p>La ilustraci\u00f3n 3 muestra que el conglomerado de medios m\u00e1s grande y de mayor influencia de Argentina, est\u00e1 manejado por unas pocas personas que tienen m\u00e1s del 70% de las acciones. Esta concentraci\u00f3n de poder compromete y limita el derecho a la libertad de expresi\u00f3n y especialmente el derecho a la informaci\u00f3n que son derechos fundamentales en una sociedad democr\u00e1tica.<\/p>\n\n\n\n<p><strong>Historia<\/strong><\/p>\n\n\n\n<p>Todo comenz\u00f3 el 28 de agosto de 1945, cuando el periodista, abogado y legislador socialista Roberto Noble fund\u00f3 el diario Clar\u00edn. En 1965, Clar\u00edn se convierte en el diario m\u00e1s vendido de la ciudad de Buenos Aires y, al cabo de dos a\u00f1os, lanza su revista llamada Clar\u00edn Revista.<\/p>\n\n\n\n<p>En 1976, inaugura su primera subsidiaria, la empresa Artes Gr\u00e1ficas Rioplatense y, en 1977, junto a los diarios La Naci\u00f3n y La Raz\u00f3n, Clar\u00edn realiza la famosa compra de acciones de la papelera Papel Prensa S.A. Ya en 1980, el Grupo Clar\u00edn se hab\u00eda convertido en el mayor distribuidor de diarios en el mundo hispanohablante, alcanzando los&nbsp;<strong>900 millones de d\u00f3lares de ganancias<\/strong>. En 1982, contin\u00faa su ampliaci\u00f3n con la creaci\u00f3n de la agencia de noticias Diarios y Noticias (DyN).<\/p>\n\n\n\n<p>La d\u00e9cada de los 90 estar\u00eda marcada por un crecimiento abrumador del grupo. Clar\u00edn inicia su proceso de integraci\u00f3n horizontal y adquiere derechos televisivos, operando Canal 13 (poderoso todav\u00eda hoy en d\u00eda) y Radio Mitre (una de las m\u00e1s escuchadas en Argentina). Tiempo m\u00e1s tarde, se fundar\u00eda el diario Ol\u00e9, el peri\u00f3dico deportivo m\u00e1s le\u00eddo del pa\u00eds hasta el d\u00eda de hoy. Por otra parte, se adquirir\u00eda de los diarios La Voz del Interior, Los Andes, el cable de televisi\u00f3n Multicanal, Todo Noticias y la se\u00f1al Volver.<\/p>\n\n\n\n<p>Tras su constituci\u00f3n oficial como Sociedad An\u00f3nima en 1999, el Grupo Clar\u00edn firmar\u00eda un acuerdo con Goldman Sachs para que sea socio minoritario con una participaci\u00f3n del&nbsp;<strong>18% de las acciones<\/strong>. La operaci\u00f3n se cerrar\u00eda en&nbsp;<strong>6.500 millones de d\u00f3lares<\/strong>. En el a\u00f1o 2000, el Grupo Clar\u00edn se har\u00eda con el diario La Raz\u00f3n y la productora Pol-ka. Poco tiempo m\u00e1s tarde, acciones de Patagonik, Cablevisi\u00f3n tambi\u00e9n ser\u00edan propiedad del conglomerado m\u00e1s poderoso de Argentina. Despu\u00e9s de la fusi\u00f3n, Cablevisi\u00f3n ser\u00eda el cableoperador m\u00e1s popular con m\u00e1s de&nbsp;<strong>3 millones de abonados<\/strong>.<\/p>\n\n\n\n<p><strong>Caso Papel Prensa<\/strong><\/p>\n\n\n\n<p>Una de sus adquisiciones, sin duda la m\u00e1s comentada y que todav\u00eda da mucho que hablar, fue la compra de las acciones de la empresa Papel Prensa SA.<\/p>\n\n\n\n<p>Papel prensa es una empresa dedicada a la producci\u00f3n de papel para la fabricaci\u00f3n de diarios. Fue fundada a principio de los a\u00f1os 70 por un grupo inversor, entre los que estaba el Estado Nacional, para sustituir las importaciones de papel que supon\u00edan un gran coste para la industria de la informaci\u00f3n. La empresa se puso en funcionamiento y pas\u00f3 r\u00e1pidamente, en circunstancias algo opacas, a manos de nuevos accionistas que resultaron ser testaferros de David Graiver, por lo que se gest\u00f3 un monopolio que controlar\u00eda este importante insumo durante varios a\u00f1os.<\/p>\n\n\n\n<p>David Graiver era un poderoso empresario propietario de diferentes entidades bancarias en Argentina y en el mundo, aparte de decenas de compa\u00f1\u00edas distribuidas en distintos pa\u00edses. A sus 35 a\u00f1os ten\u00eda un capital acumulado superior a los 200 millones de d\u00f3lares.<\/p>\n\n\n\n<p>Durante la dictadura de Alejandro Lanusse, fue Subsecretario General del ministerio de Bienestar. A\u00f1os m\u00e1s tarde, fue asesor de confianza del ministro de Econom\u00eda. Tambi\u00e9n fue socio del periodista Jacobo Timerman como inversor del diario La Opini\u00f3n. Por otra parte, a Graiver siempre se le asoci\u00f3 con el grupo guerrillero Montoneros, a los que, seg\u00fan integrantes militares, le serv\u00eda como administrador de los fondos que dicha organizaci\u00f3n obtuvo por el secuestro de Jorge Born, importante accionista del grupo Bunge &amp; Born.<\/p>\n\n\n\n<p>Fue sometido a investigaciones por parte del Banco Central y otras grandes entidades. Sin embargo, gracias a poderosos contactos nunca lleg\u00f3 a tener grandes problemas con la justicia.<\/p>\n\n\n\n<p>Graiver falleci\u00f3 en un accidente a\u00e9reo en agosto de 1976, pocos meses despu\u00e9s de ser iniciado el proceso de dictadura militar en Argentina. De esta forma, la viuda Lidia Papaleo y el hermano del difunto pasaron a ser los responsables de las empresas que Graiver pose\u00eda. Al poco tiempo, comenzaron a recibir constantes ofertas por parte de Fapel S.A. para vender Papel Prensa SA, a lo que finalmente accedieron. Solo 8 d\u00edas despu\u00e9s, Fapel SA transfiere todas las acciones a Clar\u00edn, La Naci\u00f3n y La Raz\u00f3n. Papel Prensa hab\u00eda cambiado de manos, pero segu\u00eda siendo un monopolio, perjudicando a\u00fan m\u00e1s a los diarios de la competencia que no ten\u00edan otra opci\u00f3n para acceder al papel porque el gobierno de facto se hab\u00eda encargado de establecer altos aranceles a la importaci\u00f3n de este producto.<\/p>\n\n\n\n<figure class=\"wp-block-image\"><img decoding=\"async\" src=\"https:\/\/somosperiodismo.com\/wp-content\/uploads\/2021\/03\/image-5.jpg\" alt=\"\"\/><figcaption>Videla inaugura la planta de Papel Prensa. Foto: Archivo Somos Periodismo.es<\/figcaption><\/figure>\n\n\n\n<p>Tras la apropiaci\u00f3n de la empresa Papel Prensa, el Grupo Clar\u00edn y el gobierno militar establecieron un pacto en el que se acordaba un mutuo apoyo. Videla y compa\u00f1\u00eda tuvieron gran influencia en el traspaso de los bienes y por ello exig\u00edan a Clar\u00edn un respaldo durante el mandato.<\/p>\n\n\n\n<p>Esta asociaci\u00f3n entre partes se vio reflejada en las portadas y editoriales del diario Clar\u00edn durante los a\u00f1os de dictadura, en las que el peri\u00f3dico justificaba la presencia del r\u00e9gimen y todas sus decisiones.<\/p>\n\n\n\n<figure class=\"wp-block-image\" id=\"attachment_14956\"><img decoding=\"async\" src=\"https:\/\/somosperiodismo.com\/wp-content\/uploads\/2021\/03\/image-6-3.jpg\" alt=\"\" class=\"wp-image-14956\"\/><figcaption>Informe especial Papel Prensa. Fuente: Youtube.<\/figcaption><\/figure>\n\n\n\n<p>La idea establecida por parte del Ministerio de Econom\u00eda de la dictadura de Videla para que Clar\u00edn, junto a La Naci\u00f3n y La Raz\u00f3n, se adue\u00f1aran con una empresa como Papel Prensa, no plante\u00f3 dudas en los argentinos. El gobierno militar convenci\u00f3 a los tres diarios de llevar a cabo un acuerdo mutuo que, si bien no se estableci\u00f3 de forma p\u00fablica ni a trav\u00e9s de ning\u00fan documento, se vio reflejado en la actitud de las empresas a lo largo del mandato. Ninguna de las tres entidades tuvo independencia en sus editoriales y los documentos de la \u00e9poca no dejan dudas sobre la buena relaci\u00f3n que mantuvieron los diarios accionistas de Papel Prensa con la dictadura argentina.<\/p>\n\n\n\n<p>El 25 de marzo de 1976, un d\u00eda despu\u00e9s del Golpe de Estado de Videla y compa\u00f1\u00eda, Clar\u00edn publicaba la tapa del diario con un \u201cTotal Normalidad\u201d (v\u00e9ase ilustraci\u00f3n 6) en el d\u00eda que la dictadura daba comienzo. Una publicaci\u00f3n que evidenciaba la gran amistad entre el peri\u00f3dico m\u00e1s le\u00eddo del pa\u00eds y las fuerzas armadas.<\/p>\n\n\n\n<figure class=\"wp-block-image\"><img decoding=\"async\" src=\"https:\/\/somosperiodismo.com\/wp-content\/uploads\/2021\/03\/image-7.jpg\" alt=\"\" class=\"wp-image-14958\"\/><figcaption>Ilustraci\u00f3n 6. Portada del Diario Clar\u00edn del 25 de marzo de 1976. Foto: Archivo Clar\u00edn.<\/figcaption><\/figure>\n\n\n\n<p>Es evidente que desde su creaci\u00f3n y hasta la actualidad el tema de Papel Prensa est\u00e1 rodeado de situaciones que dejan muchos interrogantes:<\/p>\n\n\n\n<p>El \u201cAccidente\u201d de su propietario cuando comienza el gobierno militar en Argentina. Se relaciona tambi\u00e9n a Graiver con la agrupaci\u00f3n guerrillera Montoneros, cuyos miembros fueron perseguidos y torturados por la dictadura instaurada en el pa\u00eds en 1976.<\/p>\n\n\n\n<ul><li>La denuncia de la viuda Lidia Papaleo donde asegura que firm\u00f3 el traspaso de las acciones bajo presiones y amenazas. Manifest\u00f3 que uno de los due\u00f1os de Clar\u00edn, el Sr. Magnetto le dijo que, si no firmaba el traspaso, correr\u00eda peligro su vida y la de su hija peque\u00f1a.<\/li><li>La venta se pudo concretar a pesar de que el juez no convalid\u00f3 el proceso que inclu\u00eda el traspaso de acciones que correspond\u00edan a la hija menor de edad de David Graiver.<\/li><li>La compra se hizo por un total de&nbsp;<strong>7.345.400 de d\u00f3lares<\/strong>, pero la misma se efectu\u00f3 con un adelanto de&nbsp;<strong>7.000 d\u00f3lares<\/strong>, menos del&nbsp;<strong>0,1 % del total<\/strong>.<\/li><li>A los pocos d\u00edas, la empresa pasa a manos de Clar\u00edn, La Naci\u00f3n y La Raz\u00f3n.<\/li><li>Fapel S.A. no realiz\u00f3 ninguna actividad comercial, ni antes ni despu\u00e9s de esta compraventa y se disolvi\u00f3 en 1988.<\/li><li>Poco tiempo despu\u00e9s de la venta, la viuda de Graiver y otros miembros de su familia fueron secuestrados y torturados por los militares.<\/li><li>La empresa recibi\u00f3 ayudas y subvenciones por parte del Estado durante todo el llamado \u201cProceso de Reorganizaci\u00f3n Nacional\u201d.<\/li><li>El \u00faltimo presidente de facto, Reynaldo Bignone firm\u00f3 un decreto para que el Estado vendiera su participaci\u00f3n en Papel Prensa a Clar\u00edn y La Naci\u00f3n por&nbsp;<strong>6 millones de d\u00f3lares (menos de \u00bc parte<\/strong>&nbsp;de lo que pod\u00eda valer en ese momento). El decreto fue anulado por el primer presidente de la democracia Ra\u00fal Alfons\u00edn pocos d\u00edas despu\u00e9s de asumir.<\/li><li>En 1989, a trav\u00e9s de una operaci\u00f3n judicial armada para provocar la quiebra de La Raz\u00f3n, Clar\u00edn y La Naci\u00f3n se quedaron con sus acciones en Papel Prensa, por 6 millones de d\u00f3lares (menos de la mitad de su valor real). Adem\u00e1s, de esos 6 millones, 5 fueron a pagar una deuda de La Raz\u00f3n con la propia compa\u00f1\u00eda, es decir, volvieron a Clar\u00edn y La Naci\u00f3n.<\/li><\/ul>\n\n\n\n<p><strong>Relaci\u00f3n con el poder pol\u00edtico<\/strong><\/p>\n\n\n\n<p>Los medios period\u00edsticos son decisivos en la formaci\u00f3n de la opini\u00f3n p\u00fablica y, por lo tanto, en la decisi\u00f3n pol\u00edtica. Lo que publica Clar\u00edn, con su influencia medi\u00e1tica, tendr\u00e1, inevitablemente, consecuencias pol\u00edticas.<\/p>\n\n\n\n<p>En la historia del Grupo Clar\u00edn, el papel de los grupos pol\u00edticos siempre fue determinante. En apartados anteriores se menciona el v\u00ednculo hist\u00f3rico entre Clar\u00edn y el gobierno militar de Jorge Rafael Videla, pero tambi\u00e9n destaca su relaci\u00f3n con los gobiernos m\u00e1s recientes, principalmente en lo que concierne al caso de Papel Prensa.<\/p>\n\n\n\n<p>Por ello, la presente secci\u00f3n est\u00e1 dedicada concretamente al v\u00ednculo con los gobiernos de Cristina Fern\u00e1ndez de Kirchner y Mauricio Macri.<\/p>\n\n\n\n<p><strong>Cristina Fern\u00e1ndez de Kirchner<\/strong><\/p>\n\n\n\n<p>Si bien es un tema que siempre estuvo presente, volvi\u00f3 a sonar en todos los medios en 2010. En ese momento, el gobierno de Cristina Fern\u00e1ndez inicia una investigaci\u00f3n sobre la transferencia de 1976 porque, a su entender, se realiz\u00f3 de forma il\u00edcita y bajo violaci\u00f3n de los derechos humanos. Los directores de Clar\u00edn y La Naci\u00f3n, por su parte, acusaban al gobierno de querer limitar la libertad de expresi\u00f3n y de intentar obtener el control de la prensa.<\/p>\n\n\n\n<p>El resultado de esa investigaci\u00f3n fue en un informe que se conoci\u00f3 como \u201cPapel Prensa LA VERDAD\u201d en el que se explicaron varias irregularidades en la transferencia de las acciones de Papel Prensa a Clar\u00edn\/La Naci\u00f3n y como consecuencia se sanciona la Ley N\u00b0 26.736 de 2011, por la que se declar\u00f3 \u201cde inter\u00e9s p\u00fablico\u201d la fabricaci\u00f3n, comercializaci\u00f3n y distribuci\u00f3n de pasta celulosa y papel para diarios, y estableci\u00f3 que se deb\u00eda proveer el papel al mismo precio para todos los medios gr\u00e1ficos.<\/p>\n\n\n\n<p><strong>Mauricio Macri<\/strong><\/p>\n\n\n\n<p>En 2016, el juez Juli\u00e1n Ercolini sobresey\u00f3 a los directores de Clar\u00edn y La Naci\u00f3n en la causa iniciada en 2010 alegando falta de pruebas. As\u00ed, Clar\u00edn sigui\u00f3 expandiendo su dominio formando el holding medi\u00e1tico m\u00e1s grande de Am\u00e9rica Latina y, en 2018, consigui\u00f3 que el congreso aprobase la Ley de desregulaci\u00f3n de Papel Prensa. Seg\u00fan el grupo, hasta ese momento el coste de importaci\u00f3n era inferior al de compra interna, por eso argumentan que la desregulaci\u00f3n se realiza para incrementar el comercio interno. De esta forma, volvi\u00f3 a tener el manejo total de este insumo y sus incalculables beneficios, lo que para muchos supuso otro golpe a la libertad de expresi\u00f3n y al derecho a la informaci\u00f3n de toda la sociedad.<\/p>\n\n\n\n<p>Durante este lapso, se realizaron numerosos estudios por parte del diario Tiempo y Reporteros Sin Fronteras, donde se aseguraba que el grupo concentraba un&nbsp;<strong>25% del total de audiencia del pa\u00eds<\/strong>. Adem\u00e1s, Clar\u00edn concentra el mayor n\u00famero de ingresos en el mercado de la comunicaci\u00f3n. Tan s\u00f3lo en 2017, el grupo ingres\u00f3&nbsp;<strong>159 millones de d\u00f3lares<\/strong>, atropellando al resto de grupos medi\u00e1ticos quienes no llegaron ni a los&nbsp;<strong>10 millones de d\u00f3lares<\/strong>. Ese mismo a\u00f1o, el Grupo Clar\u00edn junt\u00f3 los servicios de Cablevisi\u00f3n y Telecom, agrupando un&nbsp;<strong>42% de la telefon\u00eda fija<\/strong>&nbsp;de toda la naci\u00f3n, un&nbsp;<strong>34% de telefon\u00eda m\u00f3vil<\/strong>, el&nbsp;<strong>56% de la conexi\u00f3n a internet<\/strong>, el&nbsp;<strong>35% de la conexi\u00f3n a internet m\u00f3vil<\/strong>&nbsp;y el&nbsp;<strong>40% de la televisi\u00f3n de pago<\/strong>.<\/p>\n\n\n\n<p>En 2018, el Grupo Clar\u00edn, fue el principal beneficiado de la distribuci\u00f3n de la publicidad oficial del gobierno nacional, que durante todos estos a\u00f1os presidi\u00f3 Mauricio Macri, con m\u00e1s de&nbsp;<strong>398 millones de pesos de ganancias<\/strong>.<\/p>\n\n\n\n<figure class=\"wp-block-image\"><img decoding=\"async\" src=\"https:\/\/somosperiodismo.com\/wp-content\/uploads\/2021\/03\/image-9-1.jpg\" alt=\"\" class=\"wp-image-14953\"\/><figcaption>Ingresos por publicidad de grupos de comunicaci\u00f3n argentinos. Fuente: Letra P.<\/figcaption><\/figure>\n\n\n\n<p><strong>La cronolog\u00eda<\/strong><\/p>\n\n\n<div class=\"wp-block-image\">\n<figure class=\"aligncenter\"><img decoding=\"async\" src=\"https:\/\/somosperiodismo.com\/wp-content\/uploads\/2021\/03\/Cronologia-1.jpg\" alt=\"\" class=\"wp-image-14955\"\/><\/figure><\/div>\n\n<div class=\"wp-block-image\">\n<figure class=\"aligncenter\"><img decoding=\"async\" src=\"https:\/\/somosperiodismo.com\/wp-content\/uploads\/2021\/03\/Cronologia-2.jpg\" alt=\"\" class=\"wp-image-14959\"\/><\/figure><\/div>\n\n\n<figure class=\"wp-block-image\"><img decoding=\"async\" src=\"https:\/\/somosperiodismo.com\/wp-content\/uploads\/2021\/03\/Cronologia-3.jpg\" alt=\"\"\/><figcaption><img decoding=\"async\" src=\"https:\/\/somosperiodismo.com\/wp-content\/uploads\/2021\/03\/Cronologia-3.jpg\" alt=\"\" style=\"\"><br>Cronolog\u00eda de la historia del Grupo Clar\u00edn. Fuente: Somos Periodismo.es<\/figcaption><\/figure>\n\n\n\n<p><strong>Bibliograf\u00eda<\/strong><\/p>\n\n\n\n<ul><li>\u00abCercados por Clar\u00edn, Cablevisi\u00f3n y Telecom \u2013 Miradas del Centro\u00bb. Accedido 2 de diciembre de 2020.&nbsp;<a href=\"http:\/\/miradasdelcentro.com.ar\/home%20\/cercados-por-clarin-cablevision-y-telecom\/\" target=\"_blank\" rel=\"noreferrer noopener\">http:\/\/miradasdelcentro.com.ar\/home \/cercados-por-clarin-cablevision-y-telecom\/<\/a>.<\/li><li>Destape, El. \u00abClar\u00edn cumple 75 a\u00f1os: las diez tapas m\u00e1s vergonzosas de su historia\u00bb. Accedido 2 de diciembre de 2020.&nbsp;<a href=\"https:\/\/www.eldestapeweb.com\/atr\/medios\/clarin-cumple-75-anos-las-diez-tapas-mas-vergonzosas-de-su-historia-20208287280\" target=\"_blank\" rel=\"noreferrer noopener\">https:\/\/www.eldestapeweb.com\/atr\/medios\/clarin-cumple-75-anos-las-diez-tapas-mas-vergonzosas-de-su-historia-20208287280<\/a>.<\/li><li>\u00abEstructura Accionaria | Grupo Clar\u00edn\u00bb. Accedido 2 de diciembre de 2020.&nbsp;<a href=\"https:\/\/grupoclarin.com\/institucional\/estructura-accionari\" target=\"_blank\" rel=\"noreferrer noopener\">https:\/\/grupoclarin.com\/institucional\/estructura-accionari<\/a>a.<\/li><li>Espada, Agust\u00edn, y Santiago Marino. \u00abClaves para entender el caso Papel Prensa\u00bb. Chequeado (blog), 2019.&nbsp;<a href=\"https:\/\/chequeado.com\/el-explicador\/claves-para-entender-el-caso-papel-prensa\/\" target=\"_blank\" rel=\"noreferrer noopener\">https:\/\/chequeado.com\/el-explicador\/claves-para-entender-el-caso-papel-prensa\/<\/a>.<\/li><li>Grupo Clar\u00edn S.A. \u00abMemoria y Estados Financieros Consolidados\u00bb, 2019.&nbsp;<a href=\"https:\/\/grupoclarin.com\/IR\/files\/\/Estados-Contables\/2019\/GCSA%20EEFF%20-%20122019.pdf\" target=\"_blank\" rel=\"noreferrer noopener\">https:\/\/grupoclarin.com\/IR\/files\/\/Estados-Contables\/2019\/GCSA%20EEFF%20-%20122019.pdf<\/a>.<\/li><li>\u00abGrupo Clar\u00edn\u00bb. Accedido 2 de diciembre de 2020.&nbsp;<a href=\"https:\/\/argentina.mom-rsf.org\/es\/propietarios\/grupos-mediaticos\/detail\/company\/company\/show\/grupo-clarin\/\" target=\"_blank\" rel=\"noreferrer noopener\">https:\/\/argentina.mom-rsf.org\/es\/propietarios\/grupos-mediaticos\/detail\/company\/company\/show\/grupo-clarin\/<\/a>.<\/li><li>Marino, Santiago. \u00abPauta oficial: Macri gast\u00f3 en seis meses lo mismo que en todo 2018\u00bb. Letra P | Periodismo Pol\u00edtico. Accedido 2 de diciembre de 2020.&nbsp;<a href=\"https:\/\/www.letrap.com.ar\/nota\/2019-7-29-17-14-0-pauta-oficial-en-campana-macri-gasto-en-seis-meses-lo-mismo-que-en-todo-2018\" target=\"_blank\" rel=\"noreferrer noopener\">https:\/\/www.letrap.com.ar\/nota\/2019-7-29-17-14-0-pauta-oficial-en-campana-macri-gasto-en-seis-meses-lo-mismo-que-en-todo-2018<\/a>.<\/li><li>Media Ownership Monitor. \u00abMonitoreo de la propiedad de los medios Argentina\u00bb. Accedido 30 de noviembre de 2020.&nbsp;<a href=\"https:\/\/argentina.mom-rsf.org\/es\/\" target=\"_blank\" rel=\"noreferrer noopener\">https:\/\/argentina.mom-rsf.org\/es\/<\/a>.<\/li><li>La tinta. \u00abPauta oficial: en campa\u00f1a, Macri gast\u00f3 en seis meses lo mismo que en todo 2018\u00bb, 2 de agosto de 2019.&nbsp;<a href=\"https:\/\/latinta.com.ar\/2019\/08\/pauta-oficial-en-campana-macri\/\" target=\"_blank\" rel=\"noreferrer noopener\">https:\/\/latinta.com.ar\/2019\/08\/pauta-oficial-en-campana-macri\/<\/a>.<\/li><li>Todo Noticias. Visi\u00f3n Siete: Objetivo Papel Prensa, 2010.&nbsp;<a href=\"https:\/\/www.youtube.com\/watch?v=orwpcpErC6M&amp;t=287s\" target=\"_blank\" rel=\"noreferrer noopener\">https:\/\/www.youtube.com\/watch?v=orwpcpErC6M&amp;t=287s<\/a>.<br>Traveria Celda, Antoni. \u00abPrensa Escrita y Poder Pol\u00edtico en Argentina (2007-2013). Estudio de caso sobre Papel Prensa S.A.\u00bb<\/li><li>Universitat Aut\u00f2noma de Barcelona, 2013.&nbsp;<a href=\"https:\/\/ddd.uab.cat\/pub\/trerecpro\/2013\/hdl_2072_216841\/Tesina_Final_09-06-13_.pdf\" target=\"_blank\" rel=\"noreferrer noopener\">https:\/\/ddd.uab.cat\/pub\/trerecpro\/2013\/hdl_2072_216841\/Tesina_Final_09-06-13_.pdf<\/a>.<\/li><li>YouTube. Cristina present\u00f3 el informe \u00abPapel Prensa, la verdad\u00bb, Cristina Fern\u00e1ndez de Kirchner, 2013.&nbsp;<a href=\"https:\/\/www.youtube.com\/watch?v=0GB5w13wfwM&amp;t=21s\" target=\"_blank\" rel=\"noreferrer noopener\">https:\/\/www.youtube.com\/watch?v=0GB5w13wfwM&amp;t=21s<\/a>.<\/li><\/ul>\n\n\n\n<p><em><strong>Dos meses antes, el mismo medio hab\u00eda publicado una nota muy parecida.<\/strong><\/em><\/p>\n\n\n\n<hr class=\"wp-block-separator has-alpha-channel-opacity\"\/>\n","protected":false},"excerpt":{"rendered":"<p>Nazareno Grossi, Por \u00a0SomosPeriodismo, 28 enero 2021 El Grupo Clar\u00edn trep\u00f3 hacia lo m\u00e1s alto y se adue\u00f1\u00f3 de la informaci\u00f3n Quien maneja la informaci\u00f3n, &hellip;<\/p>\n","protected":false},"author":1,"featured_media":0,"comment_status":"open","ping_status":"open","sticky":false,"template":"","format":"standard","meta":{"om_disable_all_campaigns":false,"_mi_skip_tracking":false,"_monsterinsights_sitenote_active":false,"_monsterinsights_sitenote_note":"","_monsterinsights_sitenote_category":0,"footnotes":""},"categories":[1],"tags":[],"aioseo_notices":[],"_links":{"self":[{"href":"http:\/\/losintereses.ar\/index.php\/wp-json\/wp\/v2\/posts\/164"}],"collection":[{"href":"http:\/\/losintereses.ar\/index.php\/wp-json\/wp\/v2\/posts"}],"about":[{"href":"http:\/\/losintereses.ar\/index.php\/wp-json\/wp\/v2\/types\/post"}],"author":[{"embeddable":true,"href":"http:\/\/losintereses.ar\/index.php\/wp-json\/wp\/v2\/users\/1"}],"replies":[{"embeddable":true,"href":"http:\/\/losintereses.ar\/index.php\/wp-json\/wp\/v2\/comments?post=164"}],"version-history":[{"count":3,"href":"http:\/\/losintereses.ar\/index.php\/wp-json\/wp\/v2\/posts\/164\/revisions"}],"predecessor-version":[{"id":167,"href":"http:\/\/losintereses.ar\/index.php\/wp-json\/wp\/v2\/posts\/164\/revisions\/167"}],"wp:attachment":[{"href":"http:\/\/losintereses.ar\/index.php\/wp-json\/wp\/v2\/media?parent=164"}],"wp:term":[{"taxonomy":"category","embeddable":true,"href":"http:\/\/losintereses.ar\/index.php\/wp-json\/wp\/v2\/categories?post=164"},{"taxonomy":"post_tag","embeddable":true,"href":"http:\/\/losintereses.ar\/index.php\/wp-json\/wp\/v2\/tags?post=164"}],"curies":[{"name":"wp","href":"https:\/\/api.w.org\/{rel}","templated":true}]}}