{"id":172,"date":"2022-06-28T10:34:21","date_gmt":"2022-06-28T13:34:21","guid":{"rendered":"http:\/\/losintereses.ar\/?p=172"},"modified":"2022-06-28T10:34:23","modified_gmt":"2022-06-28T13:34:23","slug":"controversias-respecto-el-poder-economico-concentrado","status":"publish","type":"post","link":"http:\/\/losintereses.ar\/index.php\/2022\/06\/28\/controversias-respecto-el-poder-economico-concentrado\/","title":{"rendered":"Controversias respecto el Poder Econ\u00f3mico concentrado."},"content":{"rendered":"\n<h1 class=\"wp-block-heading\">Controversias respecto del poder econ\u00f3mico concentrado: Los grupos econ\u00f3micos y las trasnacionales como obst\u00e1culos para otro desarrollo en Argentina.<\/h1>\n\n\n\n<h2 class=\"wp-block-heading\">Autores\/as<\/h2>\n\n\n\n<ul><li><strong>Marcos Jes\u00fas Garc\u00eda<\/strong>  Conicet IMESC- IDEHESI. UNCuyo<\/li><\/ul>\n\n\n\n<p><a href=\"https:\/\/revistas.uncu.edu.ar\/ojs\/index.php\/millca-digital\/article\/view\/522\">Controversias respecto del poder econ\u00f3mico concentrado: Los grupos econ\u00f3micos y las trasnacionales como obst\u00e1culos para otro desarrollo en Argentina. | Millcayac &#8211; Revista Digital de Ciencias Sociales (uncu.edu.ar)<\/a><\/p>\n\n\n\n<h2 class=\"wp-block-heading\">Resumen<\/h2>\n\n\n\n<p>Durante la \u00abd\u00e9cada\u00bb kirchnerista los cuadros gobernantes volvieron, como en la \u00e9poca dorada de la industrializaci\u00f3n por sustituci\u00f3n de importaciones, a evocar a la burgues\u00eda nacional como potencial promotora de un proceso de desarrollo que permitiese romper los v\u00ednculos que, hist\u00f3ricamente, han relegado a la econom\u00eda argentina a una posici\u00f3n dependiente y subordinada en el concierto internacional. En este libro Schorr, Gaggero y Wainer, a partir de una minuciosa investigaci\u00f3n respaldada en s\u00f3lidas argumentaciones y bases de datos, buscan problematizar este supuesto. Yendo m\u00e1s all\u00e1 del discurso oficial se enfocan en el desenvolvimiento concreto de las principales variables y de los agentes econ\u00f3micos en la posconvertibilidad. Lectura que intenta ser tambi\u00e9n pol\u00edtica, ya que procura dilucidar los intereses y proyectos pol\u00edticos de las distintas fracciones integrantes del capital concentrado en Argentina.<\/p>\n\n\n\n<h2 class=\"wp-block-heading\">Azpiazu, Daniel; Basualdo, Eduardo, y Khavisse, Miguel (2004). El nuevo poder econ\u00f3mico en la Argentina de los ochenta. Buenos Aires: Siglo XXI<\/h2>\n","protected":false},"excerpt":{"rendered":"<p>Controversias respecto del poder econ\u00f3mico concentrado: Los grupos econ\u00f3micos y las trasnacionales como obst\u00e1culos para otro desarrollo en Argentina. Autores\/as Marcos Jes\u00fas Garc\u00eda Conicet IMESC- &hellip;<\/p>\n","protected":false},"author":1,"featured_media":0,"comment_status":"open","ping_status":"open","sticky":false,"template":"","format":"standard","meta":{"om_disable_all_campaigns":false,"_mi_skip_tracking":false,"_monsterinsights_sitenote_active":false,"_monsterinsights_sitenote_note":"","_monsterinsights_sitenote_category":0,"footnotes":""},"categories":[1],"tags":[],"aioseo_notices":[],"_links":{"self":[{"href":"http:\/\/losintereses.ar\/index.php\/wp-json\/wp\/v2\/posts\/172"}],"collection":[{"href":"http:\/\/losintereses.ar\/index.php\/wp-json\/wp\/v2\/posts"}],"about":[{"href":"http:\/\/losintereses.ar\/index.php\/wp-json\/wp\/v2\/types\/post"}],"author":[{"embeddable":true,"href":"http:\/\/losintereses.ar\/index.php\/wp-json\/wp\/v2\/users\/1"}],"replies":[{"embeddable":true,"href":"http:\/\/losintereses.ar\/index.php\/wp-json\/wp\/v2\/comments?post=172"}],"version-history":[{"count":1,"href":"http:\/\/losintereses.ar\/index.php\/wp-json\/wp\/v2\/posts\/172\/revisions"}],"predecessor-version":[{"id":173,"href":"http:\/\/losintereses.ar\/index.php\/wp-json\/wp\/v2\/posts\/172\/revisions\/173"}],"wp:attachment":[{"href":"http:\/\/losintereses.ar\/index.php\/wp-json\/wp\/v2\/media?parent=172"}],"wp:term":[{"taxonomy":"category","embeddable":true,"href":"http:\/\/losintereses.ar\/index.php\/wp-json\/wp\/v2\/categories?post=172"},{"taxonomy":"post_tag","embeddable":true,"href":"http:\/\/losintereses.ar\/index.php\/wp-json\/wp\/v2\/tags?post=172"}],"curies":[{"name":"wp","href":"https:\/\/api.w.org\/{rel}","templated":true}]}}