{"id":176,"date":"2022-06-28T10:42:21","date_gmt":"2022-06-28T13:42:21","guid":{"rendered":"http:\/\/losintereses.ar\/?p=176"},"modified":"2022-06-28T10:45:21","modified_gmt":"2022-06-28T13:45:21","slug":"diferencias-entre-unitarios-y-federales","status":"publish","type":"post","link":"http:\/\/losintereses.ar\/index.php\/2022\/06\/28\/diferencias-entre-unitarios-y-federales\/","title":{"rendered":"Diferencias entre Unitarios y Federales"},"content":{"rendered":"\n<p><strong>Unitarios<\/strong>&nbsp;hace referencia a un partido pol\u00edtico argentino que abogaba por el liberalismo. Por otra parte, los&nbsp;<strong>federales&nbsp;<\/strong>conformaban un partido de oposici\u00f3n que luchaba por mantener el poder de las provincias de la Argentina.<\/p>\n\n\n\n<p>Mientras que los unitarios luchaban por un&nbsp;<strong>gobierno centralizado<\/strong>, localizado en la ciudad de Buenos Aires, los federales buscaban la&nbsp;<strong>descentralizaci\u00f3n pol\u00edtica<\/strong>&nbsp;para que se respetara la autonom\u00eda de las provincias dentro de la naci\u00f3n.<\/p>\n\n\n\n<p>Estos dos partidos pol\u00edticos se enfrentaron desde el a\u00f1o 1828 hasta 1831, durante la&nbsp;<strong>Guerra Civil de Argentina<\/strong>, que se origin\u00f3 despu\u00e9s de la independencia del pa\u00eds. El conflicto surgi\u00f3 porque hab\u00eda un fuerte desacuerdo sobre c\u00f3mo organizar el territorio de las provincias.<\/p>\n\n\n\n<figure class=\"wp-block-table\"><table><thead><tr><th scope=\"col\"><\/th><th scope=\"col\">Unitarios<\/th><th scope=\"col\">Federales<\/th><\/tr><\/thead><tbody><tr><td>Definici\u00f3n<\/td><td>Grupo pol\u00edtico que propon\u00eda la centralizaci\u00f3n del poder en Buenos Aires.<\/td><td>Partido pol\u00edtico que buscaba la libertad y autonom\u00eda de las provincias de Argentina.<\/td><\/tr><tr><td>Existencia<\/td><td>Desde 1816 hasta 1862.<\/td><td>Desde 1816 hasta 1868.<\/td><\/tr><tr><td>Ideolog\u00eda<\/td><td>Centralismo y liberalismo.<\/td><td>Federalismo.<\/td><\/tr><tr><td>Divisi\u00f3n del poder<\/td><td>Quer\u00edan establecer un \u00fanico poder central (centralizaci\u00f3n).<\/td><td>Buscaban mantener la autonom\u00eda de las provincias delegando solo ciertas funciones al Estado central (descentralizaci\u00f3n).<\/td><\/tr><tr><td>Econom\u00eda<\/td><td>Propon\u00edan el libre comercio para traer beneficios al gobierno central.<\/td><td>Abogaban por el proteccionismo de sus actividades econ\u00f3micas en beneficio de las provincias.<\/td><\/tr><tr><td>Adeptos<\/td><td>Intelectuales liberales, grandes comerciantes y militares.<\/td><td>Habitantes de los sectores rurales, hacendados, caudillos y algunos intelectuales.<\/td><\/tr><tr><td>L\u00edderes<\/td><td>Bernardino Rivadavia, Juan Lavalle, Jos\u00e9 Mar\u00eda Paz y Gregorio Ara\u00f3z de Lamadrid.<\/td><td>Jos\u00e9 Gervasio Artigas, Justo Jos\u00e9 de Urquiza, Juan Manuel de Rosas, Facundo Quiroga.<\/td><\/tr><\/tbody><\/table><\/figure>\n\n\n\n<h2 class=\"wp-block-heading\">\u00bfQui\u00e9nes eran los unitarios?<\/h2>\n\n\n\n<p>Se conoce con el nombre de unitarios a un partido pol\u00edtico argentino de tendencia&nbsp;<strong>liberal<\/strong>, fundado en el a\u00f1o de 1816, que buscaba tener unidad en el r\u00e9gimen.<\/p>\n\n\n\n<p>Para los unitarios, las provincias eran consideradas simples divisiones territoriales internas con escasa autonom\u00eda, porque<strong>&nbsp;la naci\u00f3n deb\u00eda predominar<\/strong>&nbsp;sobre ellas.<\/p>\n\n\n\n<p>El unitarismo surge del centralismo independentista. En principio, se ali\u00f3 con Gran Breta\u00f1a y sigui\u00f3 como ejemplo la Francia napole\u00f3nica.<\/p>\n\n\n\n<p>Los unitarios realizaron el primer intento de imponerse en el a\u00f1o de 1826, buscando implantar una forma de gobierno donde&nbsp;<strong>las provincias perd\u00edan su autoridad<\/strong>&nbsp;y sus necesidades no eran prioridad.<\/p>\n\n\n\n<p>Los partidarios de la \u00e9lite de Buenos Aires y algunas ciudades capitales de la provincia apoyaban a los unitarios, pero la poblaci\u00f3n rural solo segu\u00eda a los caudillos locales.<\/p>\n\n\n\n<h3 class=\"wp-block-heading\">Objetivos de los unitarios<\/h3>\n\n\n\n<ul><li>Un gobierno centralizado en las Provincias Unidas del R\u00edo de la Plata, conocida despu\u00e9s como Rep\u00fablica Argentina en el siglo XIX.<\/li><li>Una legislaci\u00f3n que unificase a todo el pa\u00eds bajo una misma ley, independientemente de las tradiciones, cultura o particularidades locales.<\/li><li>Un puerto \u00fanico en Buenos Aires, cuyas recaudaciones aduaneras se utilizaran exclusivamente en esa ciudad.<\/li><li>Libre comercio, pese a que las provincias pudieran verse afectadas econ\u00f3micamente.<\/li><li>Libre navegaci\u00f3n de buques europeos en los r\u00edos con libre cambio para beneficiarse tanto de las exportaciones como de las importaciones.<\/li><li>La modernizaci\u00f3n del sistema financiero con un banco emisor de papel moneda y contrataci\u00f3n de empr\u00e9stitos para realizar obras.<\/li><\/ul>\n\n\n\n<p><a href=\"https:\/\/822180e2c58d39c138a7a49fae776d11.safeframe.googlesyndication.com\/safeframe\/1-0-38\/html\/container.html\">https:\/\/822180e2c58d39c138a7a49fae776d11.safeframe.googlesyndication.com\/safeframe\/1-0-38\/html\/container.html<\/a><\/p>\n\n\n\n<h2 class=\"wp-block-heading\">\u00bfQui\u00e9nes eran los federales?<\/h2>\n\n\n\n<p>Se denomina con el nombre de federales a un partido pol\u00edtico argentino, fundado en 1818, que propon\u00eda el establecimiento del&nbsp;<strong>federalismo<\/strong>&nbsp;para defender la autonom\u00eda y el poder de las provincias.<\/p>\n\n\n\n<p>Los federales conformaron una Liga Federal, tambi\u00e9n conocida como&nbsp;<strong>Uni\u00f3n de los Pueblos Libres<\/strong>, tomando como ejemplo la constituci\u00f3n de los Estados Unidos. Lucharon contra el Partido Unitario por la organizaci\u00f3n pol\u00edtica del pa\u00eds hasta la segunda mitad del siglo XIX.<\/p>\n\n\n\n<p>Jos\u00e9 Gervasio Artigas fue el l\u00edder fundador de la Uni\u00f3n de los Pueblos Libres, acompa\u00f1ado de caudillos y personas de las provincias principalmente. Juntos se opon\u00edan al dominio del poder central y de las \u00e9lites de Buenos Aires que coartaban la&nbsp;<strong>independencia de las provincias<\/strong>.<\/p>\n\n\n\n<p>Los federales pretend\u00edan formar un pa\u00eds republicano y federal, pues, tomando en cuenta la extensi\u00f3n del territorio, as\u00ed como la econom\u00eda y la pol\u00edtica regional, afirmaban que este modelo se adaptaba mejor a las caracter\u00edsticas nacionales.<\/p>\n\n\n\n<p>El pensamiento de los federales era&nbsp;<strong>tradicionalista<\/strong>, defend\u00edan las costumbres propias de las regiones.<\/p>\n\n\n\n<h3 class=\"wp-block-heading\">Objetivos de los federales<\/h3>\n\n\n\n<ul><li>Provincias o poderes regionales asociados voluntariamente, con un gobierno general encargado de algunas cuestiones, como las relaciones exteriores.<\/li><li>Igualdad de condiciones, soberan\u00eda e independencia para todas las provincias.<\/li><li>Mantenimiento de las tradiciones y culturas de las regiones rurales.<\/li><li>Proteccionismo econ\u00f3mico, especialmente debido a las peque\u00f1as industrias locales que no pod\u00edan competir con los bienes industrializados que eran importados a bajo costo.<\/li><li>Libre navegaci\u00f3n de los r\u00edos interiores para dar salida al exterior a los productos provinciales de exportaci\u00f3n y repartir las ganancias de la aduana entre las provincias.<\/li><li>Limitaci\u00f3n del predominio dominio porte\u00f1o y, en consecuencia, evitar que Buenos Aires fuera la capital del pa\u00eds.<\/li><\/ul>\n\n\n\n<p><a href=\"https:\/\/822180e2c58d39c138a7a49fae776d11.safeframe.googlesyndication.com\/safeframe\/1-0-38\/html\/container.html\">https:\/\/822180e2c58d39c138a7a49fae776d11.safeframe.googlesyndication.com\/safeframe\/1-0-38\/html\/container.html<\/a><\/p>\n\n\n\n<h2 class=\"wp-block-heading\">Guerra civil entre unitarios y federales<\/h2>\n\n\n\n<p>Luego de la&nbsp;<strong>independencia<\/strong>&nbsp;de la Argentina, se hace la divisi\u00f3n entre unitarios y federales. Ellos peleaban por la manera de comandar la pol\u00edtica del pa\u00eds y por la organizaci\u00f3n del territorio de las Provincias Unidas del R\u00edo de la Plata, hoy conocidas como Rep\u00fablica Argentina.<\/p>\n\n\n\n<p>Cuando se firm\u00f3 el armisticio que finaliz\u00f3 la guerra con Brasil (1825-1828), se crea una&nbsp;<strong>presidencia centralista<\/strong>, lo que origin\u00f3 la&nbsp;<strong>Guerra Civil&nbsp;<\/strong>en Argentina desde el a\u00f1o 1828 hasta el a\u00f1o 1831.<\/p>\n\n\n\n<p>Los caudillos del interior se enfrentaban al poder central de las \u00e9lites urbanas por la<strong>&nbsp;desigual distribuci\u00f3n de poder y econom\u00eda<\/strong>&nbsp;entre las provincias.<\/p>\n\n\n\n<p>El malestar se hac\u00eda sentir en las provincias por las importaciones que llegaban a Argentina, que le robaban terreno a los productos locales que no ten\u00edan salida al mar, haciendo injusta la competencia econ\u00f3mica.<\/p>\n\n\n\n<p>Las&nbsp;<strong>fuerzas federales<\/strong>&nbsp;obtuvieron la victoria en el a\u00f1o 1931, implantando un triunvirato integrado por Juan Manuel de Rosas en Buenos Aires, Javier L\u00f3pez en el litoral y Facundo Quiroga en el interior.<\/p>\n\n\n\n<p>Tras la muerte de Quiroga,&nbsp;<strong>Juan Manuel de Rosas<\/strong>&nbsp;se posiciona como el comandante mayor de las fuerzas federales del gobierno. Primero estuvo como gobernador de la Provincia de Buenos Aires y luego pasa a la conducci\u00f3n de facto del pa\u00eds en 1835.<\/p>\n\n\n\n<p>Con este acontecimiento, Rosas comienza a perseguir y exiliar a l\u00edderes unitarios y federales que se opon\u00edan a su mandato, hasta implantarse como el \u00fanico mandatario de la Confederaci\u00f3n Argentina que hab\u00eda conformado.<\/p>\n\n\n\n<p>Su&nbsp;<strong>dictadura<\/strong>&nbsp;fue brutal y termin\u00f3 en 1852, cuando sus tropas fueron derrotadas en la Batalla de Caseros.<\/p>\n\n\n\n<p>La coalici\u00f3n ganadora estaba conformada por Jos\u00e9 Urquiza, gobernador de la Provincia de Entre R\u00edos, junto a tropas de Brasil y de Uruguay.<\/p>\n\n\n\n<p>Luego de este acontecimiento, en 1853, un congreso conformado por las provincias redacta una Constituci\u00f3n Nacional donde se declara una&nbsp;<strong>Rep\u00fablica Federal en Argentina<\/strong>.<\/p>\n\n\n\n<p><a href=\"https:\/\/www.diferenciador.com\/unitarios-y-federales\/\">Diferencia entre unitarios y federales &#8211; Diferenciador<\/a><\/p>\n\n\n\n<hr class=\"wp-block-separator has-alpha-channel-opacity\"\/>\n","protected":false},"excerpt":{"rendered":"<p>Unitarios&nbsp;hace referencia a un partido pol\u00edtico argentino que abogaba por el liberalismo. Por otra parte, los&nbsp;federales&nbsp;conformaban un partido de oposici\u00f3n que luchaba por mantener el &hellip;<\/p>\n","protected":false},"author":1,"featured_media":0,"comment_status":"open","ping_status":"open","sticky":false,"template":"","format":"standard","meta":{"om_disable_all_campaigns":false,"_mi_skip_tracking":false,"_monsterinsights_sitenote_active":false,"_monsterinsights_sitenote_note":"","_monsterinsights_sitenote_category":0,"footnotes":""},"categories":[1],"tags":[],"aioseo_notices":[],"_links":{"self":[{"href":"http:\/\/losintereses.ar\/index.php\/wp-json\/wp\/v2\/posts\/176"}],"collection":[{"href":"http:\/\/losintereses.ar\/index.php\/wp-json\/wp\/v2\/posts"}],"about":[{"href":"http:\/\/losintereses.ar\/index.php\/wp-json\/wp\/v2\/types\/post"}],"author":[{"embeddable":true,"href":"http:\/\/losintereses.ar\/index.php\/wp-json\/wp\/v2\/users\/1"}],"replies":[{"embeddable":true,"href":"http:\/\/losintereses.ar\/index.php\/wp-json\/wp\/v2\/comments?post=176"}],"version-history":[{"count":2,"href":"http:\/\/losintereses.ar\/index.php\/wp-json\/wp\/v2\/posts\/176\/revisions"}],"predecessor-version":[{"id":180,"href":"http:\/\/losintereses.ar\/index.php\/wp-json\/wp\/v2\/posts\/176\/revisions\/180"}],"wp:attachment":[{"href":"http:\/\/losintereses.ar\/index.php\/wp-json\/wp\/v2\/media?parent=176"}],"wp:term":[{"taxonomy":"category","embeddable":true,"href":"http:\/\/losintereses.ar\/index.php\/wp-json\/wp\/v2\/categories?post=176"},{"taxonomy":"post_tag","embeddable":true,"href":"http:\/\/losintereses.ar\/index.php\/wp-json\/wp\/v2\/tags?post=176"}],"curies":[{"name":"wp","href":"https:\/\/api.w.org\/{rel}","templated":true}]}}