{"id":187,"date":"2022-06-28T11:11:00","date_gmt":"2022-06-28T14:11:00","guid":{"rendered":"http:\/\/losintereses.ar\/?p=187"},"modified":"2022-06-28T11:12:47","modified_gmt":"2022-06-28T14:12:47","slug":"politiacion-y-cuentapropismo-en-la-inteligencia-argentina","status":"publish","type":"post","link":"http:\/\/losintereses.ar\/index.php\/2022\/06\/28\/politiacion-y-cuentapropismo-en-la-inteligencia-argentina\/","title":{"rendered":"Politizacion y cuentapropismo en la Inteligencia Argentina"},"content":{"rendered":"\n<p><strong>COYUNTURA<\/strong><br>NUSO N\u00ba 298 \/ MARZO &#8211; ABRIL 2022<\/p>\n\n\n\n<h1 class=\"wp-block-heading\">En las cloacas&nbsp;de la pol\u00edtica.  Politizaci\u00f3n y cuentapropismo de la inteligencia argentina<\/h1>\n\n\n\n<h1 class=\"wp-block-heading\"><a href=\"https:\/\/nuso.org\/autor\/natalia-volosin\/\">Natalia A. Volosin<\/a><\/h1>\n\n\n\n<p>En Argentina, el reciente esc\u00e1ndalo por el uso de los servicios&nbsp;de inteligencia para armar causas judiciales contra opositores&nbsp;y sindicalistas durante el gobierno de Mauricio Macri dej\u00f3 en evidencia, una vez m\u00e1s, el papel extorsivo de los esp\u00edas argentinos&nbsp;y las imposibilidades de construir una agencia moderna, acorde&nbsp;con el Estado de derecho.<\/p>\n\n\n\n<figure class=\"wp-block-image\"><img decoding=\"async\" src=\"https:\/\/static.nuso.org\/media\/cache\/04\/95\/0495db316bb9c99ec92e95d095d1a90d.jpg\" alt=\"En las cloacas\u00a0de la pol\u00edtica  Politizaci\u00f3n y cuentapropismo de la inteligencia argentina\"\/><\/figure>\n\n\n\n<p>Los servicios de inteligencia se dedican, como se dice en la jerga argentina, a \u00abcarpetear\u00bb (extorsionar y comprar) a jueces, pol\u00edticos, periodistas y empresarios; a armar y desarmar causas judiciales; a financiar ilegalmente campa\u00f1as pol\u00edticas; al crimen organizado; incluso a encubrir atentados terroristas. A fines de diciembre de 2021, en la Agencia Federal de Inteligencia (afi) se encontr\u00f3 un disco con un contenido particular: se trata de videos de una reuni\u00f3n realizada en 2017 en oficinas del Banco de la Provincia de Buenos Aires durante la gesti\u00f3n de la gobernadora Mar\u00eda Eugenia Vidal, en la que su ministro de Trabajo, Marcelo Villegas, coordina con un grupo de empresarios de la construcci\u00f3n el impulso de una causa penal por extorsiones y amenazas contra un poderoso y cuestionado sindicalista. All\u00ed el entonces ministro lanza la frase destinada a causar esc\u00e1ndalo en caso de ser filtrada (y lo fue): \u00abCreeme que si yo pudiera tener \u2013y esto te lo voy a desmentir en cualquier parte\u2013 si yo pudiera tener una Gestapo, una fuerza de embestida para terminar con todos los gremios, lo har\u00eda\u00bb. Hoy la justicia investiga el caso, pero la historia del uso de la inteligencia con fines pol\u00edticos y la propia autonom\u00eda de los esp\u00edas para generar sus actividades por cuenta propia son tan viejas como la propia instituci\u00f3n, pese a los cambios de nombres y personajes durante el siglo&nbsp;xx&nbsp;y lo que va del&nbsp;xxi.<\/p>\n\n\n\n<p>Desde la transici\u00f3n democr\u00e1tica de 1983 hubo varias reformas, pero ninguna logr\u00f3 conciliar las necesidades de inteligencia propias de un Estado moderno con los principios b\u00e1sicos de una democracia constitucional: el secreto es necesario para la efectividad de las actividades de inteligencia, pero se opone a la transparencia y la publicidad. Todos los sistemas lidian mejor o peor con este dilema que, adem\u00e1s, es paradojal, pues los Estados requieren la informaci\u00f3n tambi\u00e9n para proteger la democracia.&nbsp;<\/p>\n\n\n\n<p>Ni las rep\u00fablicas m\u00e1s robustas, y menos a\u00fan las latinoamericanas, est\u00e1n libres de esc\u00e1ndalos de politizaci\u00f3n de los organismos de inteligencia; por el contrario, abundan los casos de servicios que se autonomizan y usufruct\u00faan su car\u00e1cter clandestino, desde la venta ilegal de informaci\u00f3n a particulares hasta la participaci\u00f3n directa en organizaciones criminales<sup><a href=\"https:\/\/nuso.org\/articulo\/cloacas-de-la-politica\/#footnote-1\">1<\/a><\/sup>. En Argentina est\u00e1n presentes los dos tipos de problemas: politizaci\u00f3n y cuentapropismo.&nbsp;<\/p>\n\n\n\n<p>Pero no es imposible encontrar el equilibrio. La academia y diversas organizaciones no gubernamentales han publicado extensamente sobre el tema<sup><a href=\"https:\/\/nuso.org\/articulo\/cloacas-de-la-politica\/#footnote-2\">2<\/a><\/sup>. Un men\u00fa abreviado de lo que habr\u00eda que hacer incluye: desconcentraci\u00f3n de las distintas actividades de inteligencia; control interno de cada \u00e1rea; prohibici\u00f3n de que los organismos no policiales hagan inteligencia criminal, salvo en casos de amenazas a la seguridad del Estado o al sistema democr\u00e1tico; transparencia del control externo; ombudsman para el control ciudadano; requerimiento de escuchas sin intermediaci\u00f3n (que los jueces se lo pidan directamente a las empresas telef\u00f3nicas); reducci\u00f3n de fondos reservados a lo estrictamente necesario; profesionalizaci\u00f3n del personal; fortalecimiento del control legislativo; y desclasificaci\u00f3n activa de informaci\u00f3n.<\/p>\n\n\n\n<p>El problema esctructural<\/p>\n\n\n\n<p>No parece tan complejo. Pero entonces, \u00bfpor qu\u00e9 no se hace? Una respuesta es que, como ocurre con la econom\u00eda pol\u00edtica de muchas reformas institucionales, no hay suficientes incentivos. Hay dos obst\u00e1culos fundamentales. Primero, el cortoplacismo. Los pol\u00edticos viven del apoyo popular. Los esc\u00e1ndalos son propicios para las reformas porque la demanda ciudadana obliga a restaurar la confianza. Sin embargo, el habitual cortoplacismo hace que cuando aumenta la presi\u00f3n social nadie haya planificado nada y que los cambios fracasen o no tengan un impacto tangible<sup><a href=\"https:\/\/nuso.org\/articulo\/cloacas-de-la-politica\/#footnote-3\">3<\/a><\/sup>.&nbsp;<\/p>\n\n\n\n<p>Esto es especialmente grave en Argentina. Como explican Pablo Spiller y Mariano Tommasi, la pr\u00e1ctica institucional a partir del golpe de Estado de 1930 produjo un sistema muy fr\u00e1gil en el que es imposible lograr acuerdos intertemporales entre grupos que gobiernan en distintos momentos. Las interacciones son siempre cortoplacistas y, en consecuencia, las pol\u00edticas p\u00fablicas son de baja calidad, improvisadas, incoherentes e inestables<sup><a href=\"https:\/\/nuso.org\/articulo\/cloacas-de-la-politica\/#footnote-4\">4<\/a><\/sup>. Segundo, la pol\u00edtica suele convencerse de que hay que cambiar no solo por la demanda ciudadana, sino porque responde a presiones de grupos de inter\u00e9s influyentes. Pero si esas corporaciones (medios, empresas, jueces, abogados) son una parte privilegiada que se alimenta del sistema, dif\u00edcilmente querr\u00e1n cambiarlo. Fu Hualing lo explica en el contexto de las pol\u00edticas de lucha contra la corrupci\u00f3n en la China comunista: se aceptan cambios, incluso se cortan cabezas, pero todo tiende a reforzar el&nbsp;<em>statu quo<\/em>&nbsp;(eliminar enemigos pol\u00edticos, limitar a las burocracias administrativas, restaurar la confianza en el partido)<sup><a href=\"https:\/\/nuso.org\/articulo\/cloacas-de-la-politica\/#footnote-5\">5<\/a><\/sup>. Las reformas que amenazan en serio el sistema son inadmisibles, aunque eso sea precisamente lo que se necesite.&nbsp;<\/p>\n\n\n\n<p>La historia de las reformas en la era democr\u00e1tica en Argentina es la historia de estos dos obst\u00e1culos. Las purgas, los cambios de caras y las modificaciones legislativas giraron alrededor del cortoplacismo producido por el descubrimiento de actividades&nbsp;<em>non sanctas<\/em>&nbsp;y por las necesidades del poder. No solo del poder pol\u00edtico, sino tambi\u00e9n de empresarios, sindicalistas, periodistas, lobistas, jueces, fiscales y estudios de abogados que se alimentan de este sistema, que desde los tiempos del gobierno de Carlos Menem se conoce en el mundo de la pol\u00edtica argentina como la \u00abcadena de la felicidad\u00bb.<\/p>\n\n\n\n<p>Como consecuencia de ello, los cambios han sido pura cosm\u00e9tica o insostenibles en el tiempo. Algunas de las \u00faltimas reformas implementadas por el gobierno de Alberto Fern\u00e1ndez, trascendentales en lo sustancial, tambi\u00e9n son, por esas mismas razones estructurales, precarias.<\/p>\n\n\n\n<p>La inteligencia predemocr\u00e1tica<\/p>\n\n\n\n<p>La primera agencia civil de inteligencia del pa\u00eds fue la Coordinaci\u00f3n de Informaciones de Presidencia de la Naci\u00f3n (cipn), creada por un decreto de Juan Domingo Per\u00f3n<sup><a href=\"https:\/\/nuso.org\/articulo\/cloacas-de-la-politica\/#footnote-6\">6<\/a><\/sup>&nbsp;en 1946 y luego denominada Coordinaci\u00f3n de Informaciones del Estado (cide). Depend\u00eda directamente del presidente y funcionaba en un despacho contiguo al suyo. La dirig\u00eda Rodolfo \u00abRudi\u00bb Freude, se\u00f1alado como responsable de organizar el refugio de criminales nazis<sup><a href=\"https:\/\/nuso.org\/articulo\/cloacas-de-la-politica\/#footnote-7\">7<\/a><\/sup>. La&nbsp;cide&nbsp;centralizaba y coordinaba informaci\u00f3n vinculada con la seguridad externa, pero tambi\u00e9n con la detecci\u00f3n de \u00abenemigos internos\u00bb<sup><a href=\"https:\/\/nuso.org\/articulo\/cloacas-de-la-politica\/#footnote-8\">8<\/a><\/sup>.&nbsp;<\/p>\n\n\n\n<p>Con el golpe de Estado de 1955, la autodenominada \u00abRevoluci\u00f3n Libertadora\u00bb hizo una purga masiva y en enero de 1956, con un decreto secreto, transform\u00f3 la&nbsp;cide&nbsp;en Secretar\u00eda de Informaciones del Estado (side). El nuevo organismo se dedic\u00f3 al proceso de \u00abdesperonizaci\u00f3n\u00bb y a la persecuci\u00f3n del comunismo. Estuvo a cargo del infame general Juan Constantino Quaranta. La principal innovaci\u00f3n de la \u00e9poca fue la creaci\u00f3n de gastos reservados para la&nbsp;side<sup><a href=\"https:\/\/nuso.org\/articulo\/cloacas-de-la-politica\/#footnote-9\">9<\/a><\/sup>, organismos de seguridad e incluso el Congreso de la Naci\u00f3n mediante dos decretos secretos de 1955 y 1956<sup><a href=\"https:\/\/nuso.org\/articulo\/cloacas-de-la-politica\/#footnote-10\">10<\/a><\/sup>. En 1969, una \u00abley\u00bb del presidente de facto Juan Carlos Ongan\u00eda<sup><a href=\"https:\/\/nuso.org\/articulo\/cloacas-de-la-politica\/#footnote-11\">11<\/a><\/sup>, tambi\u00e9n secreta, limit\u00f3 los fondos a determinados organismos, incluyendo la Secretar\u00eda<sup><a href=\"https:\/\/nuso.org\/articulo\/cloacas-de-la-politica\/#footnote-12\">12<\/a><\/sup>.&nbsp;<\/p>\n\n\n\n<p>La&nbsp;side&nbsp;fue crucial para el plan de Conmoci\u00f3n Interna del Estado (Conintes), el programa secreto de represi\u00f3n del gobierno de Arturo Frondizi por el cual las Fuerzas Armadas persiguieron, detuvieron y condenaron en juicios sumarios a trabajadores, estudiantes e intelectuales. En febrero de 1973 se dict\u00f3 otra \u00abley\u00bb secreta (un decreto del presidente de facto Agust\u00edn Lanusse) que regul\u00f3 el funcionamiento de la&nbsp;side&nbsp;y mantuvo los fondos reservados. Estuvo vigente hasta 2001. La&nbsp;side&nbsp;tambi\u00e9n tuvo un rol fundamental en la violencia paraestatal de la Alianza Anticomunista Argentina (Triple a) durante el tercer gobierno peronista (1973-1976), en especial a trav\u00e9s de la banda de An\u00edbal Gordon, un delincuente com\u00fan que comand\u00f3 una patota especializada en contrainsurgencia y que, en paralelo, comet\u00eda robos y secuestros extorsivos.&nbsp;<\/p>\n\n\n\n<p>En octubre de 1975, la famosa Directiva 1\/75 del Consejo de Defensa que estableci\u00f3 la \u00abofensiva contra la subversi\u00f3n para detectar y aniquilar las organizaciones subversivas\u00bb puso a la&nbsp;side&nbsp;bajo control funcional del Ej\u00e9rcito. Gordon pas\u00f3 a comandar una base secreta que sigui\u00f3 manejando durante la dictadura junto con Ra\u00fal Guglielminetti, torturador del Batall\u00f3n 601 del Ej\u00e9rcito condenado a prisi\u00f3n perpetua en 2006. Era el centro clandestino de detenci\u00f3n Automotores Orletti, fuertemente vinculado al Plan C\u00f3ndor, programa cuya meta era coordinar la represi\u00f3n entre los pa\u00edses del Cono Sur<sup><a href=\"https:\/\/nuso.org\/articulo\/cloacas-de-la-politica\/#footnote-13\">13<\/a><\/sup>.&nbsp;<\/p>\n\n\n\n<p>Durante la \u00faltima dictadura militar, en mayo de 1976, el organismo se transform\u00f3 en Secretar\u00eda de Inteligencia del Estado (side), nombre que mantuvo hasta 2001<sup><a href=\"https:\/\/nuso.org\/articulo\/cloacas-de-la-politica\/#footnote-14\">14<\/a><\/sup>. Entre 1976 y 1983, fue un ap\u00e9ndice de la inteligencia militar y un instrumento clave del terrorismo de Estado.<\/p>\n\n\n\n<p>Las reformas \u00abdemocr\u00e1ticas\u00bb<\/p>\n\n\n\n<p>Ra\u00fal Alfons\u00edn, presidente de la transici\u00f3n, modific\u00f3 la exigencia de que la&nbsp;side&nbsp;fuera comandada por un militar y design\u00f3 a un civil, el abogado Roberto Pena. Pena hizo una purga masiva de 860 empleados (familiares y amigos de militares) a quienes reemplaz\u00f3 con militantes de la Uni\u00f3n C\u00edvica Radical (ucr), pero no mucho m\u00e1s<sup><a href=\"https:\/\/nuso.org\/articulo\/cloacas-de-la-politica\/#footnote-15\">15<\/a><\/sup>. Comenzaban los cambios cosm\u00e9ticos y la generaci\u00f3n de la denominada \u00abmano de obra desocupada\u00bb, dos cl\u00e1sicos hasta la actualidad. La purga fue insuficiente para subordinar a una agencia que hab\u00eda estado casi 40 a\u00f1os al servicio de la corporaci\u00f3n militar. Entonces el gobierno de la democracia cometi\u00f3 lo que podr\u00edamos llamar el \u00abpecado original\u00bb, con un movimiento que se repetir\u00eda en el futuro: en lugar de reformarla, arm\u00f3 una&nbsp;side&nbsp;paralela.&nbsp;<\/p>\n\n\n\n<p>Se la conoci\u00f3 como \u00abGrupo Alem\u00bb (por la calle en que funcionaba) y dec\u00eda reportar ante el subsecretario general de la Presidencia Dante Giadone. La idea la promocionaron dos tenientes de la Marina que hab\u00edan aportado datos \u00fatiles sobre el pacto entre los militares y el sindicalismo peronista que denunciaba Alfons\u00edn<sup><a href=\"https:\/\/nuso.org\/articulo\/cloacas-de-la-politica\/#footnote-16\">16<\/a><\/sup>. Los comandaba ni m\u00e1s ni menos que el torturador Guglielminetti y lo integraban otros ex-integrantes del Batall\u00f3n 601, conocido por su aciago pasado en la dictadura.&nbsp;<\/p>\n\n\n\n<p>Guglielminetti tambi\u00e9n fue apuntado por famosos secuestros de empresarios en la d\u00e9cada de 1980, como los que hac\u00eda la banda de su amigo Gordon en los a\u00f1os 70. La aparici\u00f3n de una foto de Alfons\u00edn con el torturador hizo estallar el esc\u00e1ndalo. Algunos dijeron que era custodio del presidente; otros, un agente infiltrado de inteligencia. En cualquier caso, lideraba una&nbsp;side&nbsp;paralela.<\/p>\n\n\n\n<p>En 1988 se sancion\u00f3 la Ley 23.554 de Defensa Nacional, que limit\u00f3 las competencias de la inteligencia militar a las amenazas externas. Para la&nbsp;side&nbsp;fue irrelevante: ya no trabajaba para el poder militar, sino para sus propios intereses y los del poder pol\u00edtico.<\/p>\n\n\n\n<p>Todo se intensific\u00f3 durante los dos gobiernos de Carlos Menem, en los que el presupuesto de inteligencia se multiplic\u00f3 por diez<sup><a href=\"https:\/\/nuso.org\/articulo\/cloacas-de-la-politica\/#footnote-17\">17<\/a><\/sup>. Lo \u00fanico destacable de la \u00e9poca fue el impacto marginal de la Ley 24.059 de Seguridad Interior de 1992, que cre\u00f3 una Comisi\u00f3n Bicameral del Congreso con facultades para investigar a los organismos de inteligencia.&nbsp;<\/p>\n\n\n\n<p>La&nbsp;side&nbsp;estuvo casi toda la d\u00e9cada a cargo de Hugo Anzorreguy, vinculado a la justicia penal federal a trav\u00e9s del estudio jur\u00eddico que compart\u00eda con su hermano Jorge, influyente ex-juez. En este periodo se establecieron las bases del funcionamiento perverso que subsisten hasta la actualidad, cuyo actor crucial es el Poder Judicial. \u00bfCon qu\u00e9 objetivo? El de siempre: ayudar a los amigos y combatir a los enemigos, desde el comunismo y el peronismo en los a\u00f1os 50 hasta la \u00absubversi\u00f3n\u00bb en los 70 y luego, en democracia, simplemente a la oposici\u00f3n.&nbsp;<\/p>\n\n\n\n<p>A este nuevo actor, al igual que a los medios de comunicaci\u00f3n, se lo compr\u00f3 con sobres llenos de dinero de los fondos reservados, pero tambi\u00e9n se lo hizo dependiente de la&nbsp;side. \u00bfC\u00f3mo? Con el monopolio de la interceptaci\u00f3n de comunicaciones, crucial para las investigaciones criminales complejas.&nbsp;<\/p>\n\n\n\n<p>Hasta 1992 las escuchas estaban a cargo de la empresa p\u00fablica de telecomunicaciones&nbsp;entel, que respond\u00eda \u00f3rdenes judiciales desde su Direcci\u00f3n de Observaciones Judiciales: la \u00abOjota\u00bb (oj). En octubre, con la privatizaci\u00f3n de&nbsp;entel, el gobierno la traslad\u00f3 por decreto a la&nbsp;side<sup><a href=\"https:\/\/nuso.org\/articulo\/cloacas-de-la-politica\/#footnote-18\">18<\/a><\/sup>. Ahora los jueces ya no pod\u00edan conseguir intervenciones sin pasar por el Poder Ejecutivo. Con el tiempo, las escuchas empezaron a pedirse directamente desde la&nbsp;side&nbsp;sin orden judicial<sup><a href=\"https:\/\/nuso.org\/articulo\/cloacas-de-la-politica\/#footnote-19\">19<\/a><\/sup>&nbsp;o con \u00f3rdenes falsas, incluso para alimentar servicios ilegales de empresas de seguridad de los propios agentes. A la&nbsp;side&nbsp;de Anzorreguy se le pas\u00f3 por al lado el atentado terrorista contra la Embajada de Israel en Buenos Aires, en 1992 y dos a\u00f1os despu\u00e9s, el ataque contra la Asociaci\u00f3n Mutual Israelita Argentina (amia), a\u00fan m\u00e1s cruento (hubo 85 muertos y 300 heridos). Los responsables de contrainteligencia eran Jorge Luis Lucas y un tal Antonio \u00abJaime\u00bb Stiuso, quien luego saltar\u00eda de las sombras a la fama y que formaba parte de la agencia desde 1972.&nbsp;<\/p>\n\n\n\n<p>Como si tama\u00f1a \u00bfnegligencia? fuera poco, los fondos reservados de la&nbsp;side&nbsp;se usaron para encubrir el atentado contra la&nbsp;amia. El caso fue investigado por el juez federal Juan Jos\u00e9 Galeano (designado en la magistratura a pedido de Anzorreguy)<sup><a href=\"https:\/\/nuso.org\/articulo\/cloacas-de-la-politica\/#footnote-20\">20<\/a><\/sup>, quien m\u00e1s tarde fue condenado por pagarle 400.000 d\u00f3lares al imputado Carlos Telleld\u00edn con dinero del organismo de inteligencia para que incriminara a polic\u00edas bonaerenses. Se cree que el objetivo era encubrir la denominada \u00abpista siria\u00bb que apuntaba a Knoor Edul, amigo de Menem vinculado a Moshen Rabbani, agregado cultural de la Embajada de Ir\u00e1n en Buenos Aires. Seg\u00fan archivos desclasificados en 2015 por un decreto de Cristina Fern\u00e1ndez de Kirchner<sup><a href=\"https:\/\/nuso.org\/articulo\/cloacas-de-la-politica\/#footnote-21\">21<\/a><\/sup>, Rabbani estuvo en la&nbsp;side&nbsp;en una pl\u00e1cida reuni\u00f3n con el subdirector del organismo dos a\u00f1os despu\u00e9s del atentado. En 2005, Argentina lleg\u00f3 a una soluci\u00f3n amistosa con v\u00edctimas y familiares de v\u00edctimas del atentado ante la Comisi\u00f3n Interamericana de Derechos Humanos (cidh). El Estado reconoci\u00f3 su responsabilidad y se comprometi\u00f3 a transparentar el uso de los gastos secretos<sup><a href=\"https:\/\/nuso.org\/articulo\/cloacas-de-la-politica\/#footnote-22\">22<\/a><\/sup>. Pero esto ocurri\u00f3 reci\u00e9n diez a\u00f1os despu\u00e9s, y no por buenas razones.&nbsp;<\/p>\n\n\n\n<p>Los gastos reservados de la&nbsp;side&nbsp;tambi\u00e9n se usaron para pagarles 466 millones de d\u00f3lares en sobresueldos a altos funcionarios del gobierno menemista. Anzorreguy fue procesado; Menem y su ministro de Econom\u00eda Domingo Cavallo resultaron condenados. La informaci\u00f3n la dio a conocer en 2003 Mar\u00eda Julia Alsogaray, secretaria de Ambiente (1991-1999) condenada por corrupci\u00f3n, para intentar justificar su enriquecimiento il\u00edcito.<\/p>\n\n\n\n<p>Durante el gobierno de la Alianza que comand\u00f3 Fernando de la R\u00faa (1999-2001), el Congreso reemplaz\u00f3 el r\u00e9gimen vigente desde 1973 con una nueva Ley de Inteligencia Nacional (Ley 25.520 y Decreto 950\/02). Pero no lo hizo por amor a la patria, sino impulsado por un esc\u00e1ndalo: el de las \u00abcoimas\u00bb del Senado. En junio de 2000, un diario revel\u00f3 que senadores peronistas hab\u00edan recibido pagos ilegales del gobierno para aprobar una ley de flexibilidad laboral que ped\u00eda el Fondo Monetario Internacional (fmi)<sup><a href=\"https:\/\/nuso.org\/articulo\/cloacas-de-la-politica\/#footnote-23\">23<\/a><\/sup>. Se inici\u00f3 una investigaci\u00f3n y se acus\u00f3 al ministro de Trabajo, Alberto Flamarique, de haber hecho los pagos con fondos\u2026 de la&nbsp;side. En 2003, el secretario parlamentario Mario Pontaquarto confes\u00f3 que hab\u00eda llevado una valija con m\u00e1s de cuatro millones de d\u00f3lares a la casa de un senador. Se incrimin\u00f3 a s\u00ed mismo, a De la R\u00faa, a quienes estaban a cargo de la inteligencia en ese momento y a 12 senadores peronistas<sup><a href=\"https:\/\/nuso.org\/articulo\/cloacas-de-la-politica\/#footnote-24\">24<\/a><\/sup>. El caso termin\u00f3 con todos absueltos en 2013 y se cerr\u00f3 definitivamente en 2016.<\/p>\n\n\n\n<p>Adem\u00e1s de producir una crisis institucional sin precedentes, el esc\u00e1ndalo motiv\u00f3 la reforma de la Ley de Inteligencia. La nueva norma cambi\u00f3 el nombre de la&nbsp;side&nbsp;a Secretar\u00eda de Inteligencia (si) y estableci\u00f3 l\u00edmites a las actividades de inteligencia. Les prohibi\u00f3 realizar tareas represivas y cumplir por s\u00ed funciones policiales o de investigaci\u00f3n criminal (salvo a pedido de autoridad judicial); obtener informaci\u00f3n de personas por razones pol\u00edticas, religiosas, sindicales, etc.; influir en la vida institucional, pol\u00edtica, militar, policial, social y econ\u00f3mica del pa\u00eds, en la vida interna de los partidos o en la opini\u00f3n p\u00fablica; y revelar informaci\u00f3n de inteligencia sin orden judicial. Pero al disponer una excepci\u00f3n para cooperar con el Poder Judicial y dejar las escuchas en manos de la&nbsp;si, se mantuvieron las relaciones promiscuas de siempre. La ley tambi\u00e9n cre\u00f3 una Comisi\u00f3n Bicameral de Fiscalizaci\u00f3n de los Organismos y Actividades de Inteligencia a la que, como novedad, facult\u00f3 a monitorear los fondos reservados. Fue el primer control desde que se crearon en 1955. Tambi\u00e9n dispuso la intervenci\u00f3n de la Comisi\u00f3n en una consulta no vinculante para designar al titular de la nueva&nbsp;si. No obstante, limit\u00f3 absurdamente su acceso a informaci\u00f3n clasificada a lo que decida el propio Poder Ejecutivo. La Comisi\u00f3n empez\u00f3 a funcionar reci\u00e9n en 2004. Todo lo que hace es secreto.<\/p>\n\n\n\n<p>En 2004 se le pidi\u00f3 la renuncia al entonces ministro de Justicia de N\u00e9stor Kirchner Gustavo B\u00e9liz, quien acus\u00f3 a la&nbsp;si&nbsp;de tener como reh\u00e9n o como c\u00f3mplice al gobierno. La llam\u00f3 \u00abla Gestapo de la era democr\u00e1tica\u00bb. Al d\u00eda siguiente, en un programa de televisi\u00f3n, B\u00e9liz mostr\u00f3 una foto del esp\u00eda Stiuso. Le armaron una causa por violaci\u00f3n de secretos de Estado, recibi\u00f3 amenazas y se fue del pa\u00eds (hoy B\u00e9liz es secretario de Asuntos Estrat\u00e9gicos del presidente Alberto Fern\u00e1ndez).&nbsp;<\/p>\n\n\n\n<p>El amor entre el gobierno y la&nbsp;si&nbsp;de Stiuso continu\u00f3 hasta que diez a\u00f1os despu\u00e9s, en diciembre de 2014, la presidenta Cristina Fern\u00e1ndez, en medio de internas pol\u00edticas de cara a las elecciones presidenciales de 2015, advirti\u00f3 que perd\u00eda el control del organismo, lo descabez\u00f3 y ech\u00f3 al poderoso esp\u00eda. Entonces se dijo que la presidenta ten\u00eda una&nbsp;afi&nbsp;paralela a cargo del jefe del Ej\u00e9rcito C\u00e9sar Milani, quien debi\u00f3 renunciar en 2015 para enfrentar causas por delitos de lesa humanidad durante la dictadura. Mano de obra desocupada, otra vez.&nbsp;<\/p>\n\n\n\n<p>En enero de 2015, el fiscal Alberto Nisman denunci\u00f3 a Cristina Fern\u00e1ndez por encubrir el atentado a la&nbsp;amia&nbsp;con la firma de un memor\u00e1ndum de entendimiento con Ir\u00e1n en 2013. Un d\u00eda antes de declarar ante una comisi\u00f3n del Congreso, Nisman apareci\u00f3 muerto en su departamento con un tiro en la cabeza. Dos meses despu\u00e9s, el Congreso reform\u00f3 la Ley de Inteligencia<sup><a href=\"https:\/\/nuso.org\/articulo\/cloacas-de-la-politica\/#footnote-25\">25<\/a><\/sup>.&nbsp;<\/p>\n\n\n\n<p>La&nbsp;si&nbsp;se transform\u00f3 en la Agencia Federal de Inteligencia (afi), a cargo de un director y subdirector designados con acuerdo del Senado. Adem\u00e1s, se limit\u00f3 el uso de fondos reservados a las actividades de inteligencia y se dispuso el registro y documentaci\u00f3n de todos los gastos, reservados o no. Se cumpl\u00eda as\u00ed el acuerdo amistoso por&nbsp;amia&nbsp;que se hab\u00eda hecho diez a\u00f1os antes, en 2005. Tambi\u00e9n se transfirieron las escuchas a la Procuraci\u00f3n General de la Naci\u00f3n.&nbsp;<\/p>\n\n\n\n<p>No obstante, se mantuvo el limitad\u00edsimo control de la Comisi\u00f3n Bicameral y el rol de la agencia como auxiliar de la Justicia, y se habilit\u00f3 la producci\u00f3n de inteligencia criminal no solo respecto de delitos contra los poderes p\u00fablicos y el orden constitucional, sino tambi\u00e9n de delitos federales complejos (terrorismo, narcotr\u00e1fico, tr\u00e1fico de armas, trata de personas, ciberdelitos), que deber\u00edan ser investigados por las polic\u00edas.&nbsp;<\/p>\n\n\n\n<p>El presidente Mauricio Macri le entreg\u00f3 la&nbsp;afi&nbsp;a un \u00edntimo amigo y socio, Gustavo Arribas, y a Silvia Majdalani, ex-diputada menemista e integrante de la Comisi\u00f3n Bicameral, desde donde hab\u00eda tejido importantes relaciones con la comunidad de esp\u00edas<sup><a href=\"https:\/\/nuso.org\/articulo\/cloacas-de-la-politica\/#footnote-26\">26<\/a><\/sup>.&nbsp;<\/p>\n\n\n\n<p>A d\u00edas de asumir, el 29 de diciembre de 2015, Macri transfiri\u00f3 la oficina de escuchas de la Procuraci\u00f3n a la Corte Suprema por un decreto de necesidad y urgencia<sup><a href=\"https:\/\/nuso.org\/articulo\/cloacas-de-la-politica\/#footnote-27\">27<\/a><\/sup>. El Tribunal hizo algo de berrinche, pero en febrero de 2016 dijo que s\u00ed. La Direcci\u00f3n de Asistencia Judicial en Delitos Complejos y Crimen Organizado (dajudeco) fue muy criticada por filtraciones que se usaron a partir de 2015 para hacer operaciones pol\u00edticas en los medios de comunicaci\u00f3n. La Corte nunca dijo nada.<\/p>\n\n\n\n<p>En marzo de 2016 Macri derog\u00f3 por decreto el nuevo r\u00e9gimen de administraci\u00f3n de fondos reservados y todo volvi\u00f3 a ser secreto<sup><a href=\"https:\/\/nuso.org\/articulo\/cloacas-de-la-politica\/#footnote-28\">28<\/a><\/sup>. Su administraci\u00f3n fue acusada de usar a la&nbsp;afi&nbsp;para perseguir a sus adversarios pol\u00edticos, a sus socios partidarios y a sus familiares. Hay m\u00faltiples causas y m\u00e1s de diez agentes fueron procesados. Los altos mandos fueron desvinculados por un fallo de la C\u00e1mara Federal, que consider\u00f3 que los esp\u00edas actuaban por sus propias motivaciones.<\/p>\n\n\n\n<p>La respuesta de los \u00abcuentapropistas\u00bb no se hizo esperar. Al poco tiempo, la&nbsp;afi&nbsp;encontr\u00f3 el mencionado disco con el video de una reuni\u00f3n de funcionarios de la ex-gobernadora de la provincia de Buenos Aires Mar\u00eda Eugenia Vidal con empresarios y tres altos jerarcas de la agencia de inteligencia para armar una causa contra un gremialista acusado de corrupci\u00f3n<sup><a href=\"https:\/\/nuso.org\/articulo\/cloacas-de-la-politica\/#footnote-29\">29<\/a><\/sup>. Y fue all\u00ed donde el ministro de Trabajo pronunci\u00f3 la frase referida a la Gestapo antisindical. La \u00abGestapo\u00bb estaba ah\u00ed, como hab\u00eda advertido B\u00e9liz en 2004. Macri, a su vez, fue procesado por espionaje ilegal a los familiares de las v\u00edctimas del submarino&nbsp;ara<em>&nbsp;San Juan<\/em>, que se hundi\u00f3 a fines de 2017 con sus 44 tripulantes. Ya hab\u00eda sido procesado en 2010 por integrar una asociaci\u00f3n il\u00edcita dedicada a hacer escuchas ilegales a sus opositores pol\u00edticos e incluso familiares del entonces jefe de Gobierno de la Ciudad de Buenos Aires, de lo que fue desvinculado ya siendo presidente<sup><a href=\"https:\/\/nuso.org\/articulo\/cloacas-de-la-politica\/#footnote-30\">30<\/a><\/sup>.&nbsp;<\/p>\n\n\n\n<p>En 2019, apenas asumi\u00f3, Alberto Fern\u00e1ndez intervino la agencia por seis meses mediante un decreto de necesidad y urgencia<sup><a href=\"https:\/\/nuso.org\/articulo\/cloacas-de-la-politica\/#footnote-31\">31<\/a><\/sup>&nbsp;que prorrog\u00f3 sucesivamente<sup><a href=\"https:\/\/nuso.org\/articulo\/cloacas-de-la-politica\/#footnote-32\">32<\/a><\/sup>&nbsp;y derog\u00f3 el decreto de Macri con el fin de volver a limitar y transparentar los fondos reservados. Adem\u00e1s, por un&nbsp;dnu&nbsp;de marzo de 2020 modific\u00f3 la Ley de Inteligencia para impedir que los organismos colaboren en investigaciones criminales<sup><a href=\"https:\/\/nuso.org\/articulo\/cloacas-de-la-politica\/#footnote-33\">33<\/a><\/sup>.&nbsp;<\/p>\n\n\n\n<p>Los cambios son fundamentales en su sustancia, pero contingentes en lo procedimental. En lugar de una designaci\u00f3n con acuerdo del Senado, la&nbsp;afi&nbsp;est\u00e1 intervenida. La interventora elabor\u00f3 un anteproyecto de nueva Ley de Inteligencia con un consejo de expertos, pero el presidente no lo envi\u00f3 al Congreso y reform\u00f3 la ley por decreto. Las escuchas contin\u00faan en manos de la Corte, lo que viola el principio b\u00e1sico de que \u00abquien autoriza no escucha y quien escucha no autoriza\u00bb<sup><a href=\"https:\/\/nuso.org\/articulo\/cloacas-de-la-politica\/#footnote-34\">34<\/a><\/sup>.&nbsp;<\/p>\n\n\n\n<p>Purgas para meter a los propios, mano de obra desocupada que utiliza la inteligencia para cometer delitos, agencias paralelas, cambios cosm\u00e9ticos, reformas mediante decretos presidenciales, persecuci\u00f3n de enemigos pol\u00edticos y descontrol. Esta es la historia de politizaci\u00f3n y cuentapropismo del principal organismo de inteligencia argentino.<\/p>\n\n\n\n<p>Una deuda permanente de la democracia desde 1983.<\/p>\n\n\n\n<h1 class=\"wp-block-heading\">Relacionados<\/h1>\n\n\n\n<p><a href=\"https:\/\/nuso.org\/articulo\/por-una-democracia-feminista\/\"><\/a><\/p>\n\n\n\n<p><a href=\"https:\/\/nuso.org\/articulo\/por-una-democracia-feminista\/\"><\/a><\/p>\n\n\n\n<p><a href=\"https:\/\/nuso.org\/articulo\/por-una-democracia-feminista\/\">Por una democracia&nbsp;feminista (siempre&nbsp;por hacer)<\/a><\/p>\n\n\n\n<p><a href=\"https:\/\/nuso.org\/articulo\/por-una-democracia-feminista\/\"><\/a><a href=\"https:\/\/nuso.org\/autor\/nuria-alabao\/\">Nuria Alabao<\/a><a href=\"https:\/\/nuso.org\/articulo\/democracia-directa-movilizacion-social-lo-que-nos-muestra-uruguay\/\"><\/a><\/p>\n\n\n\n<p><a href=\"https:\/\/nuso.org\/articulo\/democracia-directa-movilizacion-social-lo-que-nos-muestra-uruguay\/\"><\/a><\/p>\n\n\n\n<p><a href=\"https:\/\/nuso.org\/articulo\/democracia-directa-movilizacion-social-lo-que-nos-muestra-uruguay\/\">Democracia directa&nbsp;y movilizaci\u00f3n social: lo&nbsp;que nos muestra Uruguay<\/a><\/p>\n\n\n\n<p><a href=\"https:\/\/nuso.org\/articulo\/democracia-directa-movilizacion-social-lo-que-nos-muestra-uruguay\/\"><\/a><a href=\"https:\/\/nuso.org\/autor\/alicia-lissidini\/\">Alicia Lissidini<\/a><a href=\"https:\/\/nuso.org\/articulo\/argentina-las-aporias-del-neodesarrollismo\/\"><\/a><\/p>\n\n\n\n<p><a href=\"https:\/\/nuso.org\/articulo\/argentina-las-aporias-del-neodesarrollismo\/\"><\/a><\/p>\n\n\n\n<p><a href=\"https:\/\/nuso.org\/articulo\/argentina-las-aporias-del-neodesarrollismo\/\">Argentina: las apor\u00edas del neodesarrollismo<\/a><\/p>\n\n\n\n<p><a href=\"https:\/\/nuso.org\/articulo\/argentina-las-aporias-del-neodesarrollismo\/\"><\/a><a href=\"https:\/\/nuso.org\/autor\/francisco-cantamutto\/\">Francisco Cantamutto&nbsp;<\/a>\/&nbsp;<a href=\"https:\/\/nuso.org\/autor\/martin-schorr\/\">Mart\u00edn Schorr<\/a><a href=\"https:\/\/nuso.org\/articulo\/europa-este--suenos-extraviados-liberales-89\/\"><\/a><\/p>\n\n\n\n<p><a href=\"https:\/\/nuso.org\/articulo\/europa-este--suenos-extraviados-liberales-89\/\"><\/a><\/p>\n\n\n\n<p><a href=\"https:\/\/nuso.org\/articulo\/europa-este--suenos-extraviados-liberales-89\/\">Europa del Este:&nbsp;los sue\u00f1os extraviados&nbsp;de los liberales del 89<\/a><\/p>\n\n\n\n<p><a href=\"https:\/\/nuso.org\/articulo\/europa-este--suenos-extraviados-liberales-89\/\"><\/a><a href=\"https:\/\/nuso.org\/autor\/pavel-barsa\/\">Pavel Bar\u0161a<\/a><a href=\"https:\/\/nuso.org\/articulo\/patricia-bullrich-perfil-clave-de-una-derechista-argentina\/\"><\/a><\/p>\n\n\n\n<p><a href=\"https:\/\/nuso.org\/articulo\/patricia-bullrich-perfil-clave-de-una-derechista-argentina\/\"><\/a><\/p>\n\n\n\n<p><a href=\"https:\/\/nuso.org\/articulo\/patricia-bullrich-perfil-clave-de-una-derechista-argentina\/\">La \u00abpiba\u00bb de la derecha argentina<\/a><\/p>\n\n\n\n<p><a href=\"https:\/\/nuso.org\/articulo\/patricia-bullrich-perfil-clave-de-una-derechista-argentina\/\"><\/a><a href=\"https:\/\/nuso.org\/autor\/martin-vicente\/\">Mart\u00edn Vicente<\/a><\/p>\n\n\n\n<ul><li>1.Florina Cristiana Matei y Carolyn Halladay: \u00abThe Role and Purpose of Intelligence in a Democracy\u00bb&nbsp;en F.C. Matei y C. Halladay (eds.):&nbsp;<em>The Conduct of Intelligence in Democracies: Processes, Practices, Cultures<\/em>, Lynne Rienner, Boulder, 2019<\/li><li>2.Jos\u00e9 Manuel Ugarte, uno de los principales referentes, tiene infinidad de publicaciones y fue corredactor de las leyes de Defensa Nacional y de Seguridad Interior. V. tb., entre otros, Paula Litvachky,&nbsp;Ignacio Bollier y Ximena Tordini: \u00abEl sistema de inteligencia en democracia\u00bb en Centro de Estudios&nbsp;Legales y Sociales (CELS):&nbsp;<em>Derechos humanos en la Argentina. Informe 2016<\/em>, Siglo Veintiuno, Buenos&nbsp;Aires, 2016; Asociaci\u00f3n por los Derechos Civiles (ADC):&nbsp;<em>El (des)control democr\u00e1tico de los organismos de&nbsp;<\/em><em>inteligencia en Argentina<\/em>, Buenos Aires, 1\/2015; y Fundaci\u00f3n V\u00eda Libre: Informe: Sistema Nacional&nbsp;de Inteligencia, Buenos Aires, 2016. Adem\u00e1s, en mayo de 2016, un grupo de organizaciones conform\u00f3&nbsp;la Iniciativa Ciudadana para el Control de los Organismos de Inteligencia (ICCSI).&nbsp;<\/li><li>3.&nbsp;Sergio Berensztein: \u00abThe Politics of Tax Reform in Argentina and Mexico\u00bb, tesis doctoral, The University of North Carolina at Chapel Hill, Carolina del Norte, 1998.<\/li><li>4.P.T. Spiller y M. Tommasi:&nbsp;<em>The Institutional Foundations of Public Policy in Argentina: A Transactions&nbsp;Cost Approach<\/em>, Cambridge UP, Nueva York, 2007.<\/li><li>5.Fu Hualing: \u00abWielding the Sword: President Xi\u2019s New Anti-Corruption Campaign\u00bb en Susan RoseAckerman y Paul Lagunes (eds.):&nbsp;<em>Greed, Corruption, and the Modern State: Essays in Political Economy,&nbsp;<\/em><em>Edward Elgar<\/em>, Cheltenham, 2015.<\/li><li>6.Decreto 337\/46.<\/li><li>7.Uki Go\u00f1i:&nbsp;<em>La aut\u00e9ntica Odessa<\/em>, Paid\u00f3s, Buenos Aires, 2008.<\/li><li>8.Ministerio de Justicia y Derechos Humanos, Secretar\u00eda de Derechos Humanos:&nbsp;<em>Plan Conintes. Represi\u00f3n pol\u00edtica y sindical<\/em>, Buenos Aires, 2014.<\/li><li>9.Decreto S 776\/56.<\/li><li>10.Decreto S 2452\/55, derogado y reemplazado por el Decreto S 5315\/56.<\/li><li>11.Ley S 18.302.<\/li><li>12.Las leyes secretas se autorizaron en 1944, aunque se utilizaban desde el siglo XIX. En 2006 el Congreso las prohibi\u00f3, orden\u00f3 la publicaci\u00f3n de 146 que se hab\u00edan dictado desde 1891 y derog\u00f3 la Ley s&nbsp;18.302 y el Decreto s 5315\/56. V. Ley 26.134.&nbsp;<\/li><li>13.\u00abLa SIDE y Orletti: las claves del eje Argentina-Uruguay en la Operaci\u00f3n C\u00f3ndor\u00bb en&nbsp;<em>Fiscales.gob.<\/em><em>ar<\/em>, 27\/8\/2015.<\/li><li>14.Decreto 416\/76.<\/li><li>15.Gerardo Young:&nbsp;<em>SIDE: la Argentina secreta<\/em>, Planeta, Buenos Aires, 2006.<\/li><li>16.Oscar Mui\u00f1o:&nbsp;<em>Alfons\u00edn: mitos y verdades del padre de la democracia<\/em>, Aguilar, Buenos Aires, 2013.&nbsp;<\/li><li>17.\u00abUna extensa historia siempre al filo de la ley\u00bb en<em>&nbsp;La Naci\u00f3n<\/em>, 3\/3\/2008.<\/li><li>18.&nbsp;Decreto 1801\/92.<\/li><li>19.G. Young: ob. cit.<\/li><li>20.S.V.: \u00abAnzorreguy y Galeano, una amistad de vieja data\u00bb en&nbsp;<em>P\u00e1gina\/12<\/em>, 5\/10\/2003.&nbsp;<\/li><li>21.<del><\/del>Decreto 395\/2015.<\/li><li>22.V. Decreto 812\/2005.<\/li><li>23.Joaqu\u00edn Morales Sol\u00e1: \u00abCarencias y defectos del Gobierno\u00bb en<em>&nbsp;La Naci\u00f3n<\/em>, 25\/6\/2000.<\/li><li>24.Victoria Ginzberg: \u00abA la manera de la famosa servilleta\u00bb en&nbsp;<em>P\u00e1gina\/12<\/em>, 17\/12\/2003.&nbsp;<\/li><li>25.Ley 27.126 y Decreto 1.311\/15.&nbsp;<\/li><li>26.Manuel Tarricone: \u00abLa primera \u2018Se\u00f1ora 8\u2019 de la AFI: qui\u00e9n es Silvia Majdalani\u00bb en&nbsp;<em>Chequeado<\/em>,&nbsp;3\/8\/2016.<\/li><li>27.Decreto DNU 256\/15. 28. Decreto 656\/2016. 29. N. Volosin: \u00abLa Gestapo de la democracia\u00bb en&nbsp;<em>Infobae<\/em>, 1\/1\/2022.&nbsp;<\/li><li>28.Decreto 656\/2016.<\/li><li>29.N. Volosin: \u00abLa Gestapo de la democracia\u00bb en&nbsp;<em>Infobae<\/em>, 1\/1\/2022.<\/li><li>30.\u00abConfirmaron el sobreseimiento de Macri por las escuchas ilegales\u00bb en&nbsp;<em>Infobae<\/em>, 14\/6\/2016.<\/li><li>31.Decreto DNU 52\/2019.<\/li><li>32.&nbsp;Decretos 540\/20, 987\/20, 359\/21 y 832\/21.<\/li><li>33.Decreto DNU 214\/20.<\/li><li>34.&nbsp;CELS: \u00abEscuchas: el proyecto de ley del peronismo que tiene el apoyo del pro consolidar\u00e1 el descontrol\u00bb, 21\/5\/2018<\/li><\/ul>\n","protected":false},"excerpt":{"rendered":"<p>COYUNTURANUSO N\u00ba 298 \/ MARZO &#8211; ABRIL 2022 En las cloacas&nbsp;de la pol\u00edtica. Politizaci\u00f3n y cuentapropismo de la inteligencia argentina Natalia A. Volosin En Argentina, &hellip;<\/p>\n","protected":false},"author":1,"featured_media":0,"comment_status":"open","ping_status":"open","sticky":false,"template":"","format":"standard","meta":{"om_disable_all_campaigns":false,"_mi_skip_tracking":false,"_monsterinsights_sitenote_active":false,"_monsterinsights_sitenote_note":"","_monsterinsights_sitenote_category":0,"footnotes":""},"categories":[1],"tags":[],"aioseo_notices":[],"_links":{"self":[{"href":"http:\/\/losintereses.ar\/index.php\/wp-json\/wp\/v2\/posts\/187"}],"collection":[{"href":"http:\/\/losintereses.ar\/index.php\/wp-json\/wp\/v2\/posts"}],"about":[{"href":"http:\/\/losintereses.ar\/index.php\/wp-json\/wp\/v2\/types\/post"}],"author":[{"embeddable":true,"href":"http:\/\/losintereses.ar\/index.php\/wp-json\/wp\/v2\/users\/1"}],"replies":[{"embeddable":true,"href":"http:\/\/losintereses.ar\/index.php\/wp-json\/wp\/v2\/comments?post=187"}],"version-history":[{"count":2,"href":"http:\/\/losintereses.ar\/index.php\/wp-json\/wp\/v2\/posts\/187\/revisions"}],"predecessor-version":[{"id":189,"href":"http:\/\/losintereses.ar\/index.php\/wp-json\/wp\/v2\/posts\/187\/revisions\/189"}],"wp:attachment":[{"href":"http:\/\/losintereses.ar\/index.php\/wp-json\/wp\/v2\/media?parent=187"}],"wp:term":[{"taxonomy":"category","embeddable":true,"href":"http:\/\/losintereses.ar\/index.php\/wp-json\/wp\/v2\/categories?post=187"},{"taxonomy":"post_tag","embeddable":true,"href":"http:\/\/losintereses.ar\/index.php\/wp-json\/wp\/v2\/tags?post=187"}],"curies":[{"name":"wp","href":"https:\/\/api.w.org\/{rel}","templated":true}]}}