{"id":201,"date":"2022-06-28T12:51:02","date_gmt":"2022-06-28T15:51:02","guid":{"rendered":"http:\/\/losintereses.ar\/?p=201"},"modified":"2022-06-28T12:51:04","modified_gmt":"2022-06-28T15:51:04","slug":"el-terrorismo-de-estado-en-argentina","status":"publish","type":"post","link":"http:\/\/losintereses.ar\/index.php\/2022\/06\/28\/el-terrorismo-de-estado-en-argentina\/","title":{"rendered":"El terrorismo de Estado en Argentina"},"content":{"rendered":"\n<p><a href=\"https:\/\/www.elsevier.es\/es-revista-peninsula-108-articulo-el-terrorismo-de-estado-en-S1870576617300028\">EL TERRORISMO DE ESTADO EN ARGENTINA A ESCALA LOCAL. TENSIONES ENTRE LA MEMORIA DOMINANTE Y MEMORIAS LOCALES | Pen\u00ednsula (elsevier.es)<\/a><\/p>\n\n\n\n<p>EL TERRORISMO DE ESTADO EN ARGENTINA A ESCALA LOCAL. TENSIONES ENTRE LA MEMORIA DOMINANTE Y MEMORIAS LOCALES<\/p>\n\n\n\n<p>STATE TERRORISM IN ARGENTINA. TENSIONS BETWEEN DOMINANT AND LOCAL MEMORIES<\/p>\n\n\n\n<p>Vanesa Garbero<a href=\"https:\/\/www.elsevier.es\/es-revista-peninsula-108-articulo-el-terrorismo-de-estado-en-S1870576617300028#fn0090\"><sup>1<\/sup><\/a><\/p>\n\n\n\n<p>Informaci\u00f3n del art\u00edculo<\/p>\n\n\n\n<p>Resumen<\/p>\n\n\n\n<p>Texto completo<\/p>\n\n\n\n<p>Bibliograf\u00eda<\/p>\n\n\n\n<p>&nbsp;<a href=\"https:\/\/www.elsevier.es\/es-revista-peninsula-108-pdf-S1870576617300028\" target=\"_blank\" rel=\"noreferrer noopener\"><\/a><\/p>\n\n\n\n<p><a href=\"https:\/\/www.elsevier.es\/es-revista-peninsula-108-pdf-S1870576617300028\" target=\"_blank\" rel=\"noreferrer noopener\">Descargar PDF<\/a><a href=\"https:\/\/www.elsevier.es\/es-revista-peninsula-108-pdf-S1870576617300028\" target=\"_blank\" rel=\"noreferrer noopener\">&nbsp;<\/a><a href=\"https:\/\/www.elsevier.es\/es-revista-peninsula-108-estadisticas-S1870576617300028\">Estad\u00edsticas<\/a><\/p>\n\n\n\n<p>RESUMEN<\/p>\n\n\n\n<p id=\"spar0005\">El prop\u00f3sito de este trabajo es analizar las memorias locales en torno al terrorismo de Estado de los habitantes de barrios aleda\u00f1os a un ex centro clandestino de la ciudad de C\u00f3rdoba. Se pretende mostrar que, a pesar de la existencia de una pol\u00edtica de memoria con tentativa&nbsp;<em>institucionalizadora<\/em>, los procesos de construcci\u00f3n de sentidos, vinculados con el pasado reciente, siguen abiertos y se caracterizan por la conflictividad y diversidad. Las memorias relevadas muestran construcciones de sentidos m\u00e1s permeados por los supuestos de la \u201cteor\u00eda de los dos demonios\u201d que por la memoria dominante de la actualidad en el pa\u00eds.<\/p>\n","protected":false},"excerpt":{"rendered":"<p>EL TERRORISMO DE ESTADO EN ARGENTINA A ESCALA LOCAL. TENSIONES ENTRE LA MEMORIA DOMINANTE Y MEMORIAS LOCALES | Pen\u00ednsula (elsevier.es) EL TERRORISMO DE ESTADO EN &hellip;<\/p>\n","protected":false},"author":1,"featured_media":0,"comment_status":"open","ping_status":"open","sticky":false,"template":"","format":"standard","meta":{"om_disable_all_campaigns":false,"_mi_skip_tracking":false,"_monsterinsights_sitenote_active":false,"_monsterinsights_sitenote_note":"","_monsterinsights_sitenote_category":0,"footnotes":""},"categories":[1],"tags":[],"aioseo_notices":[],"_links":{"self":[{"href":"http:\/\/losintereses.ar\/index.php\/wp-json\/wp\/v2\/posts\/201"}],"collection":[{"href":"http:\/\/losintereses.ar\/index.php\/wp-json\/wp\/v2\/posts"}],"about":[{"href":"http:\/\/losintereses.ar\/index.php\/wp-json\/wp\/v2\/types\/post"}],"author":[{"embeddable":true,"href":"http:\/\/losintereses.ar\/index.php\/wp-json\/wp\/v2\/users\/1"}],"replies":[{"embeddable":true,"href":"http:\/\/losintereses.ar\/index.php\/wp-json\/wp\/v2\/comments?post=201"}],"version-history":[{"count":1,"href":"http:\/\/losintereses.ar\/index.php\/wp-json\/wp\/v2\/posts\/201\/revisions"}],"predecessor-version":[{"id":202,"href":"http:\/\/losintereses.ar\/index.php\/wp-json\/wp\/v2\/posts\/201\/revisions\/202"}],"wp:attachment":[{"href":"http:\/\/losintereses.ar\/index.php\/wp-json\/wp\/v2\/media?parent=201"}],"wp:term":[{"taxonomy":"category","embeddable":true,"href":"http:\/\/losintereses.ar\/index.php\/wp-json\/wp\/v2\/categories?post=201"},{"taxonomy":"post_tag","embeddable":true,"href":"http:\/\/losintereses.ar\/index.php\/wp-json\/wp\/v2\/tags?post=201"}],"curies":[{"name":"wp","href":"https:\/\/api.w.org\/{rel}","templated":true}]}}