{"id":205,"date":"2022-06-28T13:12:28","date_gmt":"2022-06-28T16:12:28","guid":{"rendered":"http:\/\/losintereses.ar\/?p=205"},"modified":"2022-06-28T13:18:07","modified_gmt":"2022-06-28T16:18:07","slug":"factores-de-poder-grupos-de-presion-y-representatividad","status":"publish","type":"post","link":"http:\/\/losintereses.ar\/index.php\/2022\/06\/28\/factores-de-poder-grupos-de-presion-y-representatividad\/","title":{"rendered":"Factores de poder, grupos de presi\u00f3n y representatividad"},"content":{"rendered":"\n<h1 class=\"wp-block-heading\">19 de mayo de 2009<\/h1>\n\n\n\n<figure class=\"wp-block-image\"><a href=\"https:\/\/www.lanacion.com.ar\/autor\/emiliano-galli-255\/\"><img decoding=\"async\" src=\"https:\/\/resizer.glanacion.com\/resizer\/V32ljhedn7BE1PtLqcHZQ0-On_s=\/80x0\/filters:format(webp):quality(80)\/s3.amazonaws.com\/arc-authors\/lanacionar\/1411697.jpg\" alt=\"Ir a notas de Emiliano Galli\"\/><\/a><\/figure>\n\n\n\n<p><a href=\"https:\/\/www.lanacion.com.ar\/autor\/emiliano-galli-255\/\">Emiliano Galli<\/a><\/p>\n\n\n\n<p>LA NACION<em><\/em><em><\/em><em><\/em><em><\/em><em><\/em><em><\/em><em><\/em><\/p>\n\n\n\n<p>Algo pasa en la Argentina que mella su forma de gobierno y sistema pol\u00edtico. Y la carga de exportaci\u00f3n e importaci\u00f3n, los transportistas y los operadores portuarios son testigos de ello.<\/p>\n\n\n\n<p>Algo pasa con la democracia republicana.<\/p>\n\n\n\n<p>Y decir que el pa\u00eds es la carne de la inseguridad jur\u00eddica y el descr\u00e9dito institucional es lamentablemente obvio y redundante.<\/p>\n\n\n\n<p>Porque si un \u00f3rgano del Poder Ejecutivo no es digno canal de un reclamo -por ineficiente, por omisi\u00f3n, por indiferente o por interesado desinter\u00e9s que manifieste- algo est\u00e1 fallando.<\/p>\n\n\n\n<p>Si un actor, sea cual fuere el grupo de presi\u00f3n al que pertenece o el factor de poder que ejerce, decide canalizar entre sus pares (otro grupo de presi\u00f3n o factor de poder) y no acciona ante la autoridad que regula su actividad, algo falla.<\/p>\n\n\n\n<p>Una hip\u00f3tesis que circula, descabellada por cierto: medir la magnitud de un reclamo por el grado de da\u00f1o que genera a un tercero no implicado, dimension\u00e1ndolo, adem\u00e1s, seg\u00fan qui\u00e9n sea o qu\u00e9 inter\u00e9s represente \u00e9ste damnificado.<\/p>\n\n\n\n<p>En este marco, la Argentina repite cuadros como el siguiente: un sindicato se pelea con otro sindicato que acord\u00f3 un convenio de trabajo con la patronal que tienen en com\u00fan (\u00bfpor qu\u00e9 hay dos sindicatos para una misma actividad?) y para mostrar su disconformidad con la patronal ataca su fuente de ingresos (la exportaci\u00f3n) bloqueando el transporte de su mercader\u00eda. Esto sucedi\u00f3 la semana pasada, y el a\u00f1o pasado, y el antea\u00f1o&#8230;<\/p>\n\n\n\n<p>La representatividad est\u00e1 fallando. Nuestro sistema pol\u00edtico prev\u00e9 advertirlo y cambiarlo con cada elecci\u00f3n de representantes.<\/p>\n\n\n\n<p><a href=\"https:\/\/www.lanacion.com.ar\/autor\/emiliano-galli-255\/\">Emiliano Galli<\/a><\/p>\n\n\n\n<p><a href=\"https:\/\/www.lanacion.com.ar\/economia\/comercio-exterior\/factores-de-poder-grupos-de-presion-y-representatividad-nid1128652\/\">Factores de poder, grupos de presi\u00f3n y representatividad &#8211; LA NACION<\/a><\/p>\n\n\n\n<hr class=\"wp-block-separator has-alpha-channel-opacity\"\/>\n","protected":false},"excerpt":{"rendered":"<p>19 de mayo de 2009 Emiliano Galli LA NACION Algo pasa en la Argentina que mella su forma de gobierno y sistema pol\u00edtico. Y la &hellip;<\/p>\n","protected":false},"author":1,"featured_media":0,"comment_status":"open","ping_status":"open","sticky":false,"template":"","format":"standard","meta":{"om_disable_all_campaigns":false,"_mi_skip_tracking":false,"_monsterinsights_sitenote_active":false,"_monsterinsights_sitenote_note":"","_monsterinsights_sitenote_category":0,"footnotes":""},"categories":[1],"tags":[],"aioseo_notices":[],"_links":{"self":[{"href":"http:\/\/losintereses.ar\/index.php\/wp-json\/wp\/v2\/posts\/205"}],"collection":[{"href":"http:\/\/losintereses.ar\/index.php\/wp-json\/wp\/v2\/posts"}],"about":[{"href":"http:\/\/losintereses.ar\/index.php\/wp-json\/wp\/v2\/types\/post"}],"author":[{"embeddable":true,"href":"http:\/\/losintereses.ar\/index.php\/wp-json\/wp\/v2\/users\/1"}],"replies":[{"embeddable":true,"href":"http:\/\/losintereses.ar\/index.php\/wp-json\/wp\/v2\/comments?post=205"}],"version-history":[{"count":2,"href":"http:\/\/losintereses.ar\/index.php\/wp-json\/wp\/v2\/posts\/205\/revisions"}],"predecessor-version":[{"id":207,"href":"http:\/\/losintereses.ar\/index.php\/wp-json\/wp\/v2\/posts\/205\/revisions\/207"}],"wp:attachment":[{"href":"http:\/\/losintereses.ar\/index.php\/wp-json\/wp\/v2\/media?parent=205"}],"wp:term":[{"taxonomy":"category","embeddable":true,"href":"http:\/\/losintereses.ar\/index.php\/wp-json\/wp\/v2\/categories?post=205"},{"taxonomy":"post_tag","embeddable":true,"href":"http:\/\/losintereses.ar\/index.php\/wp-json\/wp\/v2\/tags?post=205"}],"curies":[{"name":"wp","href":"https:\/\/api.w.org\/{rel}","templated":true}]}}