{"id":216,"date":"2022-06-28T13:27:23","date_gmt":"2022-06-28T16:27:23","guid":{"rendered":"http:\/\/losintereses.ar\/?p=216"},"modified":"2022-06-28T13:27:25","modified_gmt":"2022-06-28T16:27:25","slug":"german-abdala-y-el-grupo-de-los-8-la-resistencia-peronista-a-menem","status":"publish","type":"post","link":"http:\/\/losintereses.ar\/index.php\/2022\/06\/28\/german-abdala-y-el-grupo-de-los-8-la-resistencia-peronista-a-menem\/","title":{"rendered":"Germ\u00e1n Abdala y el \u00abGrupo de los 8\u00bb: la resistencia peronista a Menem"},"content":{"rendered":"\n<p><strong>AGENCIA PACO URONDO\u00a0<\/strong>dialog\u00f3 con Griselda, hija mayor del dirigente sindical y pol\u00edtico Germ\u00e1n Abdala, quien\u00a0lider\u00f3 el primer intento de oposici\u00f3n peronista al Gobierno de Carlos Menem.\u00a0\u00a0<\/p>\n\n\n\n<p><a href=\"https:\/\/www.agenciapacourondo.com.ar\/#facebook\" target=\"_blank\" rel=\"noreferrer noopener\">Facebook<\/a>\u00a0<a href=\"https:\/\/www.agenciapacourondo.com.ar\/#twitter\" target=\"_blank\" rel=\"noreferrer noopener\">Twitter<\/a>\u00a0\u00a0<a href=\"https:\/\/www.agenciapacourondo.com.ar\/#whatsapp\" target=\"_blank\" rel=\"noreferrer noopener\">WhatsApp<\/a>\u00a0<a href=\"https:\/\/www.agenciapacourondo.com.ar\/#telegram\" target=\"_blank\" rel=\"noreferrer noopener\">Telegram<\/a>\u00a0<a href=\"https:\/\/www.addtoany.com\/share#url=https%3A%2F%2Fwww.agenciapacourondo.com.ar%2Fmilitancia%2Fgerman-abdala-y-el-grupo-de-los-8-la-resistencia-peronista-menem&amp;title=Germ%C3%A1n%20Abdala%20y%20el%20%22Grupo%20de%20los%208%22%3A%20la%20resistencia%20peronista%20a%20Menem%20\">Share<\/a>  <a href=\"https:\/\/www.agenciapacourondo.com.ar\/militancia\/german-abdala-y-el-grupo-de-los-8-la-resistencia-peronista-menem\">Germ\u00e1n Abdala y el \u00abGrupo de los 8\u00bb: la resistencia peronista a Menem | Agencia Paco Urondo | Periodismo militante<\/a><\/p>\n\n\n\n<ul><li><img decoding=\"async\" src=\"https:\/\/www.agenciapacourondo.com.ar\/sites\/www.agenciapacourondo.com.ar\/files\/styles\/flexslider_full\/public\/german_abdala.jpg?itok=7kSZlXzZ\"><\/li><\/ul>\n\n\n\n<ol><li><\/li><\/ol>\n\n\n\n<p><strong>Por Mariano Dorr *<\/strong><\/p>\n\n\n\n<p>Hace 31&nbsp;a\u00f1os (enero de 1990), se creaba&nbsp;el \u201cGrupo de los 8\u201d liderado por Germ\u00e1n Abdala en el Congreso de la Naci\u00f3n:&nbsp;fue la primera oposici\u00f3n peronista al planteo de privatizaciones y desguace del Estado que llev\u00f3 adelante el menemismo traicionando los principios fundamentales del peronismo. En tiempos en que algunas plumas eligen edulcorar la figura de Carlos Menem, que falleci\u00f3 hoy, 14 de febrero,&nbsp;construyendo as\u00ed unos a\u00f1os 90 \u201cmejores que el macrismo\u201d, aqu\u00ed elegimos pensar aquellos a\u00f1os acerc\u00e1ndonos a la vida de quien todav\u00eda hoy sigue siendo una bandera de los y las trabajadoras.<\/p>\n\n\n\n<p>Por eso,&nbsp;<strong>AGENCIA PACO URONDO&nbsp;<\/strong>convers\u00f3 con Griselda, la hija mayor de Germ\u00e1n Abdala, para que nos cuente c\u00f3mo era vivir con Germ\u00e1n en los tiempos en que se atrevi\u00f3 a encabezar una oposici\u00f3n fundamental en la historia del Movimiento Obrero Organizado.&nbsp;<\/p>\n\n\n\n<p><strong>APU: La militancia era para tu pap\u00e1, seg\u00fan sus propias palabras, \u201cun acto de entrega permanente\u201d. \u00bfC\u00f3mo record\u00e1s, en tu memoria concreta, esa entrega permanente a la militancia?<\/strong><\/p>\n\n\n\n<p>Griselda Abdala: Su forma de vida era la militancia. Viv\u00eda as\u00ed, todo el tiempo, con sus compa\u00f1eros. Incluso si hablamos de la \u00e9poca de la dictadura. Yo era muy chica en ese momento. Si bien \u00e9l no estaba en la clandestinidad, la militancia estaba presente siempre, no es algo de lo que se comenz\u00f3 a hablar en casa de la noche a la ma\u00f1ana con el regreso de la democracia. Yo me crie con eso, con que ciertos pibes de mi edad eran hijos de desaparecidos, con toda la confusi\u00f3n que esto implica. Tener a tus padres desaparecidos a los cinco a\u00f1os. Yo nac\u00ed en 1976. Entonces, no es que en alg\u00fan momento, como le pudo haber pasado a otros, vienen tu pap\u00e1 y tu mam\u00e1 y te explican el cuento de terror, cuando ya sos m\u00e1s grande. Mis hermanos y yo siempre supimos todo, fuimos criados as\u00ed, tanto sobre la militancia como sobre los desaparecidos. Est\u00e1 todo muy mezclado. A m\u00ed se me mezcla mucho en el recuerdo. Se viv\u00eda as\u00ed. Mi pap\u00e1 se casa con mi mam\u00e1 en el a\u00f1o 74. Ten\u00edan veinte a\u00f1os. Luego nac\u00ed yo, despu\u00e9s Julieta y despu\u00e9s Dar\u00edo. Del 76 al 80 nacimos los tres. Viv\u00edamos en Lan\u00fas. Toda esa primera parte de la infancia, durante la dictadura, con mis pap\u00e1s todav\u00eda juntos, la verdad es que la militancia era parte de la vida. Sus compa\u00f1eros siempre estaban presentes. V\u00edctor (De Gennaro) era como si fuera mi t\u00edo y sus hijos como si fueran mis primos. La militancia era parte de la familia. Yo no s\u00e9 qu\u00e9 pod\u00eda entender en ese momento, con cinco a\u00f1os, pero todo el tiempo se estaba hablando de eso: del sindicato, de pol\u00edtica. Tambi\u00e9n era como un familiar nuestro Carlos Cassinelli, un dirigente de ATE que muere en el accidente de Lapa en 1999; festej\u00e1bamos los cumplea\u00f1os de sus hijos como si fu\u00e9ramos todos de la misma familia, as\u00ed viv\u00edamos. Nos \u00edbamos de vacaciones todos juntos a la costa, compart\u00edamos la playa, las comidas, todo. La vida de un militante es as\u00ed, no es la vida de un \u201ct\u00edpico pap\u00e1\u201d. No es que nos iba a buscar a la salida de la escuela&#8230; La militancia era todo. El mes que nos \u00edbamos a la costa, su entrega a full como padre era al m\u00e1ximo. As\u00ed como todo el a\u00f1o estaba con la militancia todo el tiempo, cuando est\u00e1bamos en la playa no se despegaba un segundo de nosotros: and\u00e1bamos en bicicleta, remont\u00e1bamos barriletes, no paraba. El mes de vacaciones era as\u00ed, firme, en Mar del Tuy\u00fa.<\/p>\n\n\n\n<figure class=\"wp-block-image\"><img decoding=\"async\" src=\"https:\/\/www.agenciapacourondo.com.ar\/sites\/www.agenciapacourondo.com.ar\/files\/uploads\/german_y_sus_hijos.jpg\" alt=\"\"\/><\/figure>\n\n\n\n<p><strong>APU: \u00bfCu\u00e1les son tus primeros recuerdos acompa\u00f1ando a tu pap\u00e1 en actividades pol\u00edticas?<\/strong><\/p>\n\n\n\n<p><strong>GA:<\/strong>&nbsp;Al final de la dictadura mis padres se separan, y mi viejo, cuando nos llevaba a mis hermanos y a m\u00ed los fines de semana, la mayor\u00eda de las veces \u00edbamos a una charla, a un plenario, a una unidad b\u00e1sica, a una f\u00e1brica tomada. Y mi recuerdo es que as\u00ed era feliz, porque aunque nos llevara a un plenario me pon\u00eda a jugar con todos los pibes, los de la f\u00e1brica tomada, lo que fuera. Asados en el Sindicato de Farmacia, o en otro, o en la unidad b\u00e1sica de la calle Guardia Vieja, que despu\u00e9s termin\u00f3 siendo un boliche. Y eran veinte mil horas en las que hemos hecho cualquier cosa. Me acuerdo que una vez prendimos fuego un auto, jugando. En uno de los paros con movilizaci\u00f3n que hizo Ubaldini, ya despu\u00e9s de la dictadura, hab\u00edamos viajado a la costa unos d\u00edas, y volvimos rapid\u00edsimo porque \u00e9l se ten\u00eda que unir al paro. Eran paros en los que se tiraban clavos en las rutas, y me acuerdo de \u00e9l diciendo que hab\u00eda que apurarse antes de que tiraran los miguelitos porque despu\u00e9s no se iba a poder pasar m\u00e1s. Despu\u00e9s, a los trece a\u00f1os, me voy a vivir con mi pap\u00e1.. Porque nosotros viv\u00edamos en Lan\u00fas, pero cuando se separa de mi mam\u00e1 se va a vivir a Capital. En el 83 conoce a Marcela Bordenave, su segundo matrimonio. Marcela ven\u00eda con cuatro pibes de un primer matrimonio que llegaban del exilio de M\u00e9xico. En el 83 nos conocemos todos y se ensamblan las dos familias. A fines del 88 me voy a vivir con mi pap\u00e1, un a\u00f1o antes de que fuera diputado. Cuando fueron las elecciones \u00e9l estaba en Estados Unidos, por eso despu\u00e9s hac\u00eda ese chiste, que \u00e9l por suerte no hab\u00eda votado a Menem. Estaba en Estados Unidos haciendo ya uno de sus primeros tratamientos (contra el c\u00e1ncer). Ah\u00ed hay como una divisi\u00f3n en la vida, desde fines de los 80, con todo lo que tiene que ver con la salud. Tratamientos de radiaci\u00f3n, quimioterapia, una nueva operaci\u00f3n. Es un poco como un antes y un despu\u00e9s en nuestra vida. Durante los diez a\u00f1os que dur\u00f3 la enfermedad de mi pap\u00e1 se oper\u00f3 como diez veces. La enfermedad pasa a tener un lugar muy fuerte. Son a\u00f1os en los que \u00e9l tiene mucha exposici\u00f3n pol\u00edtica y medi\u00e1tica.<\/p>\n\n\n\n<p>Me acuerdo de estar mirando en vivo el programa con N\u00e9ustadt y Grondona (1985)&nbsp;en el que mi papa les da un paseo b\u00e1rbaro. Y para m\u00ed era normal eso, era mi pap\u00e1. Yo creo que ninguno de nosotros tuvo dimensi\u00f3n de lo que mi viejo era hasta despu\u00e9s. Porque \u00e9l no era popular por ser actor, o un m\u00fasico con carisma: \u00e9l era un militante pol\u00edtico. Es muy dif\u00edcil que siendo pol\u00edtico nadie te cuente las costillas y diga \u201cno, pero\u2026\u201d. Y la verdad es que ni el m\u00e1s trosko se atrevi\u00f3 nunca a plantearme nada con respecto a mi viejo. Yo no creo que a todos los hijos de sindicalistas y pol\u00edticos les resulte tan f\u00e1cil decir \u201csoy hijo de tal persona\u201d. Para nosotros no solo es f\u00e1cil, sino que es un orgullo, porque jam\u00e1s nadie, ni radicales, ni peronistas, ni troskos, ni\u2026 \u00a1nadie! Nunca una palabra en contra de mi pap\u00e1. Para m\u00ed fue muy fuerte, por ejemplo, ver lo que hizo la Tupac Amaru en Jujuy: que lo pongan a m\u00ed viejo al nivel de Tupac y del Ch\u00e9. Eso lo dimensionamos ya de m\u00e1s grandes. Cuando era adolescente, en la secundaria, no me cre\u00edan que mi pap\u00e1 era diputado. No me cre\u00edan porque iba a una escuela p\u00fablica y yo era una zaparrastrosa, en colectivo, y no era ese el concepto que hab\u00eda en ese momento de \u201cla hija de un diputado\u201d. Y a m\u00ed no me daba verg\u00fcenza decirlo, porque sab\u00eda que nadie, sabiendo qui\u00e9n era mi pap\u00e1, me iba a decir \u201csal\u00ed de ac\u00e1\u201d, porque mi viejo era un tipo muy generoso sin ser jet\u00f3n. Me acuerdo que cuando fue diputado, en casa, nos dec\u00eda \u201cbueno, ahora que voy a ganar un poco m\u00e1s, elijan qu\u00e9 quieren estudiar, un taller, aprovechen que les puedo pagar un taller caro, vayan al que quieran\u201d. Yo me fui a hacer un taller con Cristina Banegas; el otro quer\u00eda un bajo. Era \u201cla oportunidad\u201d, porque hab\u00eda un poquito m\u00e1s de guita. Pero, por ejemplo, en el verano, me acuerdo que una vez perd\u00ed los lentes de contacto, y mi pap\u00e1 me dice \u201cno, no te los puedo comprar porque ya contrat\u00e9 el micro de la colonia para que lleve a todos los pibes del barrio a Burzaco, as\u00ed que esper\u00e1 hasta marzo\u201d. Y yo me acuerdo de odiarlo por eso, a los quince a\u00f1os tener que andar con culo de botella porque el otro iba llevar a todos los pibes a una pileta en Burzaco hasta marzo. Y nunca fue un jet\u00f3n con esas cosas, ni las contaba. Era generoso. Yo en ese momento, adolescente, lo pensaba todo dado vuelta: \u201ceste hijo de puta me cag\u00f3 el verano\u201d.<\/p>\n\n\n\n<figure class=\"wp-block-embed is-type-rich is-provider-gestor-del-servicio wp-block-embed-gestor-del-servicio wp-embed-aspect-4-3 wp-has-aspect-ratio\"><div class=\"wp-block-embed__wrapper\">\n<iframe loading=\"lazy\" title=\"Germ\u00e0n X Germ\u00e1n - ATE CTA - parte 1.mp4\" width=\"777\" height=\"583\" src=\"https:\/\/www.youtube.com\/embed\/YSNTAjR_v9Q?feature=oembed\" frameborder=\"0\" allow=\"accelerometer; autoplay; clipboard-write; encrypted-media; gyroscope; picture-in-picture\" allowfullscreen><\/iframe>\n<\/div><\/figure>\n\n\n\n<p><strong>APU: \u00bfDe qu\u00e9 hablaban cuando ten\u00edan un momento a solas?<\/strong><\/p>\n\n\n\n<p><strong>GA:<\/strong>&nbsp;Los momentos en que mi pap\u00e1 estaba bien, no hablaba de \u00e9l, se interesaba por nosotros. Porque \u00e9l viajaba a Estados Unidos a hacerse tratamientos de quimioterapia, operaciones, bajaba diez kilos, estaba hecho pelota, y despu\u00e9s se pon\u00eda mejor: y empezaba con el sindicato, las c\u00e1maras, la pol\u00edtica, no paraba nunca. Y los ratos en que estaba en casa \u00e9l me preguntaba a m\u00ed en qu\u00e9 andaba. Era un personaje. Una noche est\u00e1bamos viendo la entrega de los Oscar, en una tele de veinte pulgadas, vieja, tirados en un sill\u00f3n. Y llega \u00e9l a las doce de la noche y me dice: \u201c\u00a1qu\u00e9 hac\u00e9s mirando en la tele esa fiesta del imperialismo!\u201d. \u00a1Puta madre! \u00a1Era muy comprometido! Siempre fue una casa alegre. \u00c9l era un tipo alegre. Si hab\u00eda guita, era: \u201cestudien lo que quieran, pero lo que quieran hacer h\u00e1ganlo con compromiso, sean coherentes\u201d. En ese momento yo empiezo a militar en la escuela secundaria. La militancia era luchar porque las chicas us\u00e1bamos guardapolvo y los varones no. Cosas as\u00ed. Y un d\u00eda le digo a mi pap\u00e1 que quiero irme de misionera a El Salvador. Me dice: \u201cbuen\u00edsimo, dale, pero primero empez\u00e1 ac\u00e1, te llevo con compa\u00f1eras que trabajan con el Padre Carlos Cajade de La Plata, y en Avellaneda, en un mont\u00f3n de comedores; prob\u00e1 ac\u00e1, m\u00e1s cerquita, y si te gusta despu\u00e9s te vas a El Salvador\u201d. Ah\u00ed trabaj\u00e9 con el Movimiento Pibes del Pueblo, toda una red de comedores, donde di talleres de teatro y de pl\u00e1stica. Empec\u00e9 a debatirme qu\u00e9 era realmente lo que quer\u00eda hacer. Mis hermanos se fueron a M\u00e9xico con mi mam\u00e1 y yo no sab\u00eda realmente qu\u00e9 hacer. Me sent\u00eda ego\u00edsta pensando que a m\u00ed lo que realmente me gustaba era pintar, que adem\u00e1s es algo que puedo hacer sola, no necesito ni un baterista, ni otros actores. Ah\u00ed creo que est\u00e1 lo realmente importante que me ense\u00f1\u00f3 mi viejo: ser honesto en lo que una elige. Ser coherente y no ser ventajero. Cuando supe que lo que me apasionaba era la pintura, me di cuenta que quer\u00eda seguir pintando toda mi vida. Desde el a\u00f1o 99 trabajo en la Comisi\u00f3n Nacional de Derecho a la Identidad (CONADI). Para m\u00ed, estar desde hace tantos a\u00f1os dedicada a la b\u00fasqueda de los ni\u00f1os apropiados durante la dictadura, tiene una militancia muy fuerte, esa cuota de cambiar las cosas en comunidad.<\/p>\n\n\n\n<p><strong>APU: \u00bfC\u00f3mo eran los d\u00edas en que ten\u00eda tanta exposici\u00f3n medi\u00e1tica, en tiempos del \u201cGrupo de los 8\u201d? \u00bfC\u00f3mo se viv\u00eda eso en casa? Vos eras adolescente.<\/strong><\/p>\n\n\n\n<p><strong>GA:<\/strong>&nbsp;Me acuerdo del d\u00eda que volvi\u00f3 agotado del Congreso despu\u00e9s de ese famoso discurso que dio, no me acuerdo ahora si es el de las privatizaciones, me parece que es el de la Ley Germ\u00e1n Abdala. Hubo que armar una rampa para que \u00e9l pudiera llegar a su banca porque no hab\u00eda rampas para una silla de ruedas en el Congreso. Me acuerdo que ese d\u00eda lleg\u00f3 agotado. Hab\u00eda agotado toda su energ\u00eda. Me dio bronca, porque yo quer\u00eda que se quedara en casa, descansando, cuid\u00e1ndose. Pero en realidad, al entregarse as\u00ed, eso tambi\u00e9n hizo que para nosotros su enfermedad no fuera algo tan tortuoso, porque \u00e9l siempre quer\u00eda seguir haciendo su vida, con la misma pasi\u00f3n, con las mismas ganas. Algo hermoso, realmente. Nosotros, m\u00e1s que por los medios, nos d\u00e1bamos cuenta de lo que \u00e9l era por la gente. Cuando ven\u00edan los medios a casa se armaba un bardo b\u00e1rbaro. En casa \u00e9ramos diez. Mi viejo, su mujer\u2026 \u00a1y ocho pibes! Ten\u00edamos que correr todos los muebles del living porque si no los periodistas no ten\u00edan d\u00f3nde estar, y nosotros nos \u00edbamos de la casa para que m\u00e1s o menos \u00e9l pudiera atender a la prensa ah\u00ed. Yo despu\u00e9s ni me acuerdo si le\u00eda las notas o no, \u00e9l estaba ah\u00ed para m\u00ed. S\u00ed era muy fuerte c\u00f3mo lo ve\u00edan mis amigos en los momentos que compart\u00edamos con \u00e9l. Cuando me vine de Lan\u00fas a Capital estuve un tiempo en un colegio privado, mientras \u00e9l ten\u00eda que estar ocho meses en Estados Unidos, haciendo un tratamiento. Entonces me manda a primer a\u00f1o a la escuela de una amiga de \u00e9l, que reci\u00e9n abr\u00eda, y que a \u00e9l no le cobraba. Era privada pero no la pag\u00e1bamos. \u00c9ramos trece alumnos y quince profesores. Era casi un colegio pupilo. Est\u00e1bamos de siete de la ma\u00f1ana a siete de la tarde. Nos hicieron interpretar&nbsp;<em>La novicia rebelde<\/em>&nbsp;para actuarla a fin de a\u00f1o. Y la representaci\u00f3n la hicimos en el anfiteatro de ATE-Belgrano. Llega mi pap\u00e1, ya con bast\u00f3n, y los trece alumnos del colegio se le fueron al humo como si fuera un rockstar. En segundo a\u00f1o le ped\u00ed que me mandara a una escuela de verdad. Y ah\u00ed me cambi\u00e9 al Colegio Manuel Belgrano, en Ecuador y Paraguay, el mismo al que hab\u00eda ido \u00e9l. Un d\u00eda el profesor de C\u00edvica, un facho con ganas, cuenta c\u00f3mo en el a\u00f1o 75 un grupo de j\u00f3venes lo encierran en la preceptor\u00eda y le prenden fuego a la casilla porque \u201ceran un grupo de subversivos\u201d, seg\u00fan \u00e9l. Despu\u00e9s le pregunt\u00e9 a mi pap\u00e1, porque \u00e9l en esos a\u00f1os hab\u00eda estado en el colegio, y me dice: \u201c\u00a1S\u00ed, un bot\u00f3n!\u201d. Una noche hab\u00eda estado la Triple A en el colegio y este profesor, que en ese momento era preceptor, hab\u00eda marcado a tres chicos para que se los llevaran. \u201cCuando se mete en la preceptor\u00eda, se la cerramos por atr\u00e1s y la prendimos fuego, pero sab\u00edamos que se iba a escapar por la ventana\u201d, me dice mi pap\u00e1. Uno de los tres pibes que se llevaron nunca volvi\u00f3. Me acuerdo que inmediatamente pens\u00e9 que mi pap\u00e1 hab\u00eda hecho lo correcto. No me gener\u00f3 ninguna disyuntiva. Yo sab\u00eda tambi\u00e9n que cuando ten\u00eda diecisiete a\u00f1os hab\u00eda ido a una villa a tirar los medidores de luz. Es lo que se hac\u00eda. Y despu\u00e9s, cuando era diputado, esas cosas se segu\u00edan haciendo. Y si una mina se hab\u00eda quedado sin laburo y no pod\u00eda pagar el alquiler, \u00e9l le consegu\u00eda una casa desocupada para que pueda parar ah\u00ed. Y no se pod\u00eda decir, no sal\u00eda en ning\u00fan lado, porque \u00e9l era el diputado m\u00e1s importante en ese momento, y se supon\u00eda que no pod\u00eda hacer esas cosas. En mi casa todo esto era paralelo.<\/p>\n\n\n\n<p><strong>APU: Hoy en d\u00eda, adem\u00e1s de trabajar en la CONADI, te dedic\u00e1s a pintar. En tus obras se puede ver algo de las luchas populares, hay una presencia de la militancia en la obra que vas pintando.<\/strong><\/p>\n\n\n\n<p><strong>GA:<\/strong>&nbsp;Yo creo que mi pap\u00e1 est\u00e1 presente en mi obra en la medida en que \u00e9l es quien me ense\u00f1\u00f3 que lo m\u00e1s importante es ser coherente con lo que uno tiene el deseo de ser y hacer en esta vida. Mi mam\u00e1 es pintora, tambi\u00e9n. Mis hermanos son m\u00fasicos. Todos nos dedicamos al arte. Cuando \u00e9l se muri\u00f3 se me gener\u00f3 la duda entre estudiar derecho y ayudar a los pibes de la calle desde ah\u00ed o dedicarme al arte, que era lo que me gustaba hacer, y finalmente no me cost\u00f3 mucho elegir la pintura. Porque de lo que se trata es de ser honesto con uno mismo, eso es lo m\u00e1s fuerte que nos dej\u00f3 mi viejo. Yo eleg\u00ed el arte, pero mi hija tom\u00f3 su legado. Tengo una hija que tiene veintitr\u00e9s a\u00f1os, Luna Pose Abdala, que empez\u00f3 a militar en el Mariano Acosta y ahora lo hace en el kirchnerismo. Y ver c\u00f3mo ella ahora vuelve a tomar el nombre, es maravilloso. Labura en el Estado, en el Ministerio de Seguridad y es delegada de ATE. Ver c\u00f3mo ella retoma lo que fue su abuelo\u2026 \u00a1Es una militante ferviente que retoma el peronismo!<\/p>\n\n\n\n<p><strong>APU: Me imagino que cuando vas a Mar del Tuy\u00fa y ves el mar, es como estar frente a \u00e9l otra vez.<\/strong><\/p>\n\n\n\n<p><strong>GA:<\/strong>&nbsp;Me acuerdo que una vez, est\u00e1bamos en la playa, y le pregunt\u00e9 si era verdad que la enfermedad le hab\u00eda vuelto. Y \u00e9l me dijo que s\u00ed, que era verdad, pero que me quedara tranquila, que \u00e9l la iba a volver a pelear, y que iba a salir de esta tambi\u00e9n. \u201cUno es tan chiquito ante esta inmensidad\u201d, me dijo, mirando el mar. \u00c9l para m\u00ed era superman. Dos a\u00f1os despu\u00e9s, que ya estaba mal, mal, mal\u2026 fuimos de vacaciones y no quiso ir al mar. Y cuando le dijimos \u201cdale, te llevamos, ponemos tablones para poder entrar en la arena\u201d, \u00e9l nos contest\u00f3 \u201cno quiero que el mar me vea as\u00ed\u201d. Eso fue muy impresionante. Fue terrible eso. Cada vez que estoy frente al mar es un poco como estar con \u00e9l. Era incre\u00edble la relaci\u00f3n que \u00e9l ten\u00eda con el mar. En cualquier mar me pasa eso. No solo en Mar del Tuy\u00fa. El mar es un poco nuestro pap\u00e1, eso sentimos con mis hermanos.<\/p>\n\n\n\n<p><em>* El art\u00edculo se public\u00f3 por primera vez el 23 de junio de 2020. Fue actualizado el 14 de febrero de 2021.<\/em><\/p>\n","protected":false},"excerpt":{"rendered":"<p>AGENCIA PACO URONDO\u00a0dialog\u00f3 con Griselda, hija mayor del dirigente sindical y pol\u00edtico Germ\u00e1n Abdala, quien\u00a0lider\u00f3 el primer intento de oposici\u00f3n peronista al Gobierno de Carlos &hellip;<\/p>\n","protected":false},"author":1,"featured_media":0,"comment_status":"open","ping_status":"open","sticky":false,"template":"","format":"standard","meta":{"om_disable_all_campaigns":false,"_mi_skip_tracking":false,"_monsterinsights_sitenote_active":false,"_monsterinsights_sitenote_note":"","_monsterinsights_sitenote_category":0,"footnotes":""},"categories":[1],"tags":[],"aioseo_notices":[],"_links":{"self":[{"href":"http:\/\/losintereses.ar\/index.php\/wp-json\/wp\/v2\/posts\/216"}],"collection":[{"href":"http:\/\/losintereses.ar\/index.php\/wp-json\/wp\/v2\/posts"}],"about":[{"href":"http:\/\/losintereses.ar\/index.php\/wp-json\/wp\/v2\/types\/post"}],"author":[{"embeddable":true,"href":"http:\/\/losintereses.ar\/index.php\/wp-json\/wp\/v2\/users\/1"}],"replies":[{"embeddable":true,"href":"http:\/\/losintereses.ar\/index.php\/wp-json\/wp\/v2\/comments?post=216"}],"version-history":[{"count":1,"href":"http:\/\/losintereses.ar\/index.php\/wp-json\/wp\/v2\/posts\/216\/revisions"}],"predecessor-version":[{"id":218,"href":"http:\/\/losintereses.ar\/index.php\/wp-json\/wp\/v2\/posts\/216\/revisions\/218"}],"wp:attachment":[{"href":"http:\/\/losintereses.ar\/index.php\/wp-json\/wp\/v2\/media?parent=216"}],"wp:term":[{"taxonomy":"category","embeddable":true,"href":"http:\/\/losintereses.ar\/index.php\/wp-json\/wp\/v2\/categories?post=216"},{"taxonomy":"post_tag","embeddable":true,"href":"http:\/\/losintereses.ar\/index.php\/wp-json\/wp\/v2\/tags?post=216"}],"curies":[{"name":"wp","href":"https:\/\/api.w.org\/{rel}","templated":true}]}}