{"id":219,"date":"2022-06-28T13:30:24","date_gmt":"2022-06-28T16:30:24","guid":{"rendered":"http:\/\/losintereses.ar\/?p=219"},"modified":"2022-06-28T13:30:46","modified_gmt":"2022-06-28T16:30:46","slug":"grupo-actores-y-poder-en-la-argentina-siglo-xx","status":"publish","type":"post","link":"http:\/\/losintereses.ar\/index.php\/2022\/06\/28\/grupo-actores-y-poder-en-la-argentina-siglo-xx\/","title":{"rendered":"Grupo Actores y Poder en la Argentina. Siglo XX."},"content":{"rendered":"\n<p><a href=\"https:\/\/cehis.com.ar\/grupos\/actores-y-poder-en-la-argentina-siglo-xx\/\">Actores y Poder en la Argentina. Siglo XX &#8211; CEHis<\/a><\/p>\n\n\n\n<p>La preocupaci\u00f3n central de este grupo es comprender de qu\u00e9 manera distintos actores pol\u00edtico-sociales con capacidad de agencia intervinieron en el proceso de reconstrucci\u00f3n democr\u00e1tica iniciado en la Argentina de los a\u00f1os ochenta del siglo XX.<\/p>\n\n\n\n<p>Recuperamos la noci\u00f3n weberiana de construcci\u00f3n hist\u00f3rica para desnaturalizar aquella de \u201ctransici\u00f3n a la democracia\u201d bajo la cual ha sido interpretado el per\u00edodo. Siguiendo aquella perspectiva cl\u00e1sica, profundizamos en el estudio de las especificidades de los partidos pol\u00edticos, formadores de opini\u00f3n, sindicatos y sectores de la Iglesia cat\u00f3lica a la hora de adaptarse a las reglas de juego de la democratizaci\u00f3n. Ponemos en relieve la asincron\u00eda de los ritmos en que cada uno intervino en ese proceso \u2013que no fue un\u00edvoco ni lineal-, los diferentes grados de profundidad con que lo hicieron, como tambi\u00e9n el modo en que sus pr\u00e1cticas y discursos confluyeron en un momento hist\u00f3rico comprendido entre la descomposici\u00f3n del r\u00e9gimen dictatorial en retirada (c. 1982) y la aceptaci\u00f3n compartida acerca de que la democracia era el \u00fanico juego pol\u00edtico posible de ser jugado (1991).<\/p>\n\n\n\n<p>Proyecto<\/p>\n\n\n\n<h2 class=\"wp-block-heading\">Antes y despu\u00e9s. los actores pol\u00edticos y sociales atravesados por la \u00faltima dictadura militar (c. 1972-2001)<\/h2>\n\n\n\n<figure class=\"wp-block-image\"><img decoding=\"async\" src=\"https:\/\/cehis.com.ar\/wp-content\/uploads\/2020\/09\/Home8-Icon-png2-1.png\" alt=\"q\"\/><\/figure>\n\n\n\n<h4 class=\"wp-block-heading\">Grupo De Investigaci\u00f3n<\/h4>\n\n\n\n<p>Grupo Actores y Poder en la Argentina. Siglo XX.<\/p>\n\n\n\n<figure class=\"wp-block-image\"><img decoding=\"async\" src=\"https:\/\/cehis.com.ar\/wp-content\/uploads\/2020\/09\/Home8-Icon-png3-1.png\" alt=\"q\"\/><\/figure>\n\n\n\n<h4 class=\"wp-block-heading\">T\u00edtulo Del Proyecto<\/h4>\n\n\n\n<p>Antes y despu\u00e9s. los actores pol\u00edticos y sociales atravesados por la \u00faltima dictadura militar (c. 1972-2001)<\/p>\n\n\n\n<figure class=\"wp-block-image\"><img decoding=\"async\" src=\"https:\/\/cehis.com.ar\/wp-content\/uploads\/2020\/09\/Home8-Icon-png4-1.png\" alt=\"q\"\/><\/figure>\n\n\n\n<h4 class=\"wp-block-heading\">Miembros Del Proyecto<\/h4>\n\n\n\n<p>Directora: Marcela Ferrari Co-director: Mariano Fabris Integrantes.<\/p>\n\n\n\n<h4 class=\"wp-block-heading\">Sinopsis del proyecto<\/h4>\n\n\n\n<p>Este proyecto procura comprender las transformaciones y continuidades de un grupo de actores pol\u00edtico-sociales, antes, durante y despu\u00e9s de la \u00faltima dictadura. Es una afirmaci\u00f3n ampliamente aceptada por el sentido com\u00fan que ese r\u00e9gimen marc\u00f3 un antes y un despu\u00e9s en la Argentina. En t\u00e9rminos de secuelas del terrorismo de Estado, de violaci\u00f3n a los derechos humanos, de liberalizaci\u00f3n econ\u00f3mica, entre otros aspectos, la impronta dejada en la sociedad argentina es indiscutible. Sin embargo, debates acad\u00e9micos recientes matizan tanto la infalibilidad como la extensi\u00f3n de esa aseveraci\u00f3n. Nos interesa reconocer de qu\u00e9 manera fueron afectados los siguientes actores: partidos pol\u00edticos, juventudes pol\u00edticas, iglesia cat\u00f3lica, prensa peri\u00f3dica y asociaciones civiles, cuya din\u00e1mica ha sido relativamente poco analizada en una perspectiva de largo plazo. \u00bfQu\u00e9 cambi\u00f3 y qu\u00e9 persisti\u00f3 en ellos? \u00bfCu\u00e1nto de nuevo y de viejo es posible observar en su composici\u00f3n, sus discursos y sus pr\u00e1cticas? \u00bfC\u00f3mo actuaron antes, durante y despu\u00e9s de la dictadura? \u00bfC\u00f3mo incidi\u00f3 en ellos el cambiante contexto internacional? Estas son las preguntas que orientar\u00e1n nuestra investigaci\u00f3n que recupera, desde otro \u00e1ngulo, la preocupaci\u00f3n en torno a los procesos de democratizaci\u00f3n en Argentina.<\/p>\n\n\n\n<p>Integrantes del proyecto<\/p>\n\n\n\n<h4 class=\"wp-block-heading\">Breve CV<\/h4>\n\n\n\n<p>Micaela Iturralde, Mariana Pozzoni, Fernando Suarez, Constanza Castro, Gabriela Quiriti, Santiago Casamijtana, Augusto Bianchino, Sebasti\u00e1n Pattin.<\/p>\n\n\n\n<p>Mail:&nbsp;<a href=\"mailto:marianofabris76@gmail.com\">marianofabris76@gmail.com<\/a>&nbsp;<\/p>\n","protected":false},"excerpt":{"rendered":"<p>Actores y Poder en la Argentina. Siglo XX &#8211; CEHis La preocupaci\u00f3n central de este grupo es comprender de qu\u00e9 manera distintos actores pol\u00edtico-sociales con &hellip;<\/p>\n","protected":false},"author":1,"featured_media":0,"comment_status":"open","ping_status":"open","sticky":false,"template":"","format":"standard","meta":{"om_disable_all_campaigns":false,"_mi_skip_tracking":false,"_monsterinsights_sitenote_active":false,"_monsterinsights_sitenote_note":"","_monsterinsights_sitenote_category":0,"footnotes":""},"categories":[1],"tags":[],"aioseo_notices":[],"_links":{"self":[{"href":"http:\/\/losintereses.ar\/index.php\/wp-json\/wp\/v2\/posts\/219"}],"collection":[{"href":"http:\/\/losintereses.ar\/index.php\/wp-json\/wp\/v2\/posts"}],"about":[{"href":"http:\/\/losintereses.ar\/index.php\/wp-json\/wp\/v2\/types\/post"}],"author":[{"embeddable":true,"href":"http:\/\/losintereses.ar\/index.php\/wp-json\/wp\/v2\/users\/1"}],"replies":[{"embeddable":true,"href":"http:\/\/losintereses.ar\/index.php\/wp-json\/wp\/v2\/comments?post=219"}],"version-history":[{"count":1,"href":"http:\/\/losintereses.ar\/index.php\/wp-json\/wp\/v2\/posts\/219\/revisions"}],"predecessor-version":[{"id":220,"href":"http:\/\/losintereses.ar\/index.php\/wp-json\/wp\/v2\/posts\/219\/revisions\/220"}],"wp:attachment":[{"href":"http:\/\/losintereses.ar\/index.php\/wp-json\/wp\/v2\/media?parent=219"}],"wp:term":[{"taxonomy":"category","embeddable":true,"href":"http:\/\/losintereses.ar\/index.php\/wp-json\/wp\/v2\/categories?post=219"},{"taxonomy":"post_tag","embeddable":true,"href":"http:\/\/losintereses.ar\/index.php\/wp-json\/wp\/v2\/tags?post=219"}],"curies":[{"name":"wp","href":"https:\/\/api.w.org\/{rel}","templated":true}]}}