{"id":228,"date":"2022-06-28T14:05:58","date_gmt":"2022-06-28T17:05:58","guid":{"rendered":"http:\/\/losintereses.ar\/?p=228"},"modified":"2022-06-28T14:06:00","modified_gmt":"2022-06-28T17:06:00","slug":"redrado-protegi-los-intereses-de-los-argentinos","status":"publish","type":"post","link":"http:\/\/losintereses.ar\/index.php\/2022\/06\/28\/redrado-protegi-los-intereses-de-los-argentinos\/","title":{"rendered":"Redrado: \u00abProteg\u00ed los Intereses de los Argentinos."},"content":{"rendered":"\n<p><a href=\"https:\/\/www.lacapital.com.ar\/edicion-impresa\/redrado-protegiacute-los-intereses-los-argentinos-n740450.html\">Redrado: Proteg&amp;iacute; los intereses de los argentinos (lacapital.com.ar)<\/a><\/p>\n\n\n\n<p>9 de enero 2010\u00b701:00hs<\/p>\n\n\n\n<p>El titular del Banco Central (BCRA), Mart\u00edn Redrado, estim\u00f3 anoche que la crisis planteada por su enfrentamiento con el gobierno nacional no va a afectar a los mercados y neg\u00f3 que su conducta pueda ser catalogada como \u00abconspirativa\u00bb.<\/p>\n\n\n\n<p>En ese sentido, el restituido funcionario explic\u00f3 que le concedi\u00f3 una audiencia a los senadores radicales Ernesto Sanz y Gerardo Morales antes de ser removido por la presidenta Cristina Fern\u00e1ndez, porque \u00absoy muy respetuoso de las instituciones\u00bb.<\/p>\n\n\n\n<h2 class=\"wp-block-heading\">Recib\u00ed gratis el newsletter de La Capital<\/h2>\n\n\n\n<p>Correo electr\u00f3nico&nbsp;*<img loading=\"lazy\" decoding=\"async\" src=\"https:\/\/media.lacapital.com.ar\/p\/d88fb81564991fa34b2f1c038200d799\/adjuntos\/203\/imagenes\/100\/101\/0100101616\/112x62\/smart\/77763632jpg.jpg\" alt=\"Emergencia. La pandemia profundiz\u00f3 la situaci\u00f3n cr\u00edtica que atravesaban los sistemas de colectivos de algunas regiones del pa\u00eds, que necesitan m\u00e1s fondos para seguir funcionando\" width=\"107\" height=\"60\"><\/p>\n\n\n\n<h3 class=\"wp-block-heading\">Los subsidios al transporte de Rosario subieron 500 por ciento desde 2019<\/h3>\n\n\n\n<p><a href=\"https:\/\/www.lacapital.com.ar\/edicion-impresa\/los-subsidios-al-transporte-rosario-subieron-500-2019-n10019045.html\"><\/a><img loading=\"lazy\" decoding=\"async\" src=\"https:\/\/media.lacapital.com.ar\/p\/961937446f5f75573065f2a79137052e\/adjuntos\/203\/imagenes\/028\/770\/0028770637\/112x62\/smart\/2020-09-13-carcel-coronda-by_lvincenti-68622975jpg.jpg\" alt=\"La v\u00edctima de la extorsi\u00f3n fue contactada desde la c\u00e1rcel de Coronda\" width=\"107\" height=\"60\"><\/p>\n\n\n\n<h3 class=\"wp-block-heading\">Est\u00e1 preso en Coronda y lo volvieron a imputar por extorsiones<\/h3>\n\n\n\n<p><a href=\"https:\/\/www.lacapital.com.ar\/policiales\/esta-preso-coronda-y-lo-volvieron-imputar-extorsiones-n10019058.html\"><\/a><\/p>\n\n\n\n<p>\u00abCorresponde al normal funcionamiento de un pa\u00eds que el presidente del Banco Central reciba al presidente de una bancada oficialista u opositora, al presidente de un partido pol\u00edtico. Es la normalidad, y yo siempre busco que Argentina sea un pa\u00eds moderno, \u00e1gil, con instituciones serias; un pa\u00eds normal\u00bb, argument\u00f3 Redrado al programa A Dos Voces.<\/p>\n\n\n\n<p>Redrado dijo sentirse \u00abmuy tranquilo\u00bb a pesar de la crisis institucional planteada con la cabeza del Ejecutivo, y se mostr\u00f3 \u00abconvencido\u00bb de \u00abhaber protegido los intereses de los argentinos\u00bb.<\/p>\n\n\n\n<p>\u00abEn absoluto\u00bb, dijo Redrado al negar haber tenido mala conducta, como argument\u00f3 el gobierno para destituirlo del cargo, y adem\u00e1s afirm\u00f3: \u00abNo se me dio derecho a defensa\u00bb.<\/p>\n\n\n\n<p>En s\u00f3lo unas horas, Redrado logr\u00f3 que la Justicia le devolviera su puesto al frente del Banco Central, tras sostener que el decreto presidencial que lo echaba, acus\u00e1ndolo de mal desempe\u00f1o, era en realidad \u00abun ardid para sustentar una decisi\u00f3n arbitraria, infundada e ileg\u00edtima\u00bb.<\/p>\n\n\n\n<p>En el escrito que present\u00f3 Redrado a la Justicia, razon\u00f3: \u00abResulta cuanto menos ir\u00f3nico pretender, como lo hace el decreto impugnado, imputarme el incumplimiento de los deberes a mi cargo, pudiendo incluso darse la paradoja de que si el BCRA hubiera adoptado una decisi\u00f3n apresurada, inconsulta y carente del adecuado an\u00e1lisis por las \u00e1reas competentes, se hubiera encontrado tal vez sujeta a reproches de similar naturaleza\u00bb.<\/p>\n\n\n\n<p><\/p>\n","protected":false},"excerpt":{"rendered":"<p>Redrado: Proteg&amp;iacute; los intereses de los argentinos (lacapital.com.ar) 9 de enero 2010\u00b701:00hs El titular del Banco Central (BCRA), Mart\u00edn Redrado, estim\u00f3 anoche que la crisis &hellip;<\/p>\n","protected":false},"author":1,"featured_media":0,"comment_status":"open","ping_status":"open","sticky":false,"template":"","format":"standard","meta":{"om_disable_all_campaigns":false,"_mi_skip_tracking":false,"_monsterinsights_sitenote_active":false,"_monsterinsights_sitenote_note":"","_monsterinsights_sitenote_category":0,"footnotes":""},"categories":[1],"tags":[],"aioseo_notices":[],"_links":{"self":[{"href":"http:\/\/losintereses.ar\/index.php\/wp-json\/wp\/v2\/posts\/228"}],"collection":[{"href":"http:\/\/losintereses.ar\/index.php\/wp-json\/wp\/v2\/posts"}],"about":[{"href":"http:\/\/losintereses.ar\/index.php\/wp-json\/wp\/v2\/types\/post"}],"author":[{"embeddable":true,"href":"http:\/\/losintereses.ar\/index.php\/wp-json\/wp\/v2\/users\/1"}],"replies":[{"embeddable":true,"href":"http:\/\/losintereses.ar\/index.php\/wp-json\/wp\/v2\/comments?post=228"}],"version-history":[{"count":1,"href":"http:\/\/losintereses.ar\/index.php\/wp-json\/wp\/v2\/posts\/228\/revisions"}],"predecessor-version":[{"id":229,"href":"http:\/\/losintereses.ar\/index.php\/wp-json\/wp\/v2\/posts\/228\/revisions\/229"}],"wp:attachment":[{"href":"http:\/\/losintereses.ar\/index.php\/wp-json\/wp\/v2\/media?parent=228"}],"wp:term":[{"taxonomy":"category","embeddable":true,"href":"http:\/\/losintereses.ar\/index.php\/wp-json\/wp\/v2\/categories?post=228"},{"taxonomy":"post_tag","embeddable":true,"href":"http:\/\/losintereses.ar\/index.php\/wp-json\/wp\/v2\/tags?post=228"}],"curies":[{"name":"wp","href":"https:\/\/api.w.org\/{rel}","templated":true}]}}