{"id":238,"date":"2022-06-28T14:43:06","date_gmt":"2022-06-28T17:43:06","guid":{"rendered":"http:\/\/losintereses.ar\/?p=238"},"modified":"2022-06-28T14:43:07","modified_gmt":"2022-06-28T17:43:07","slug":"quienes-eran-los-grupos-de-poder-en-buenos-aires","status":"publish","type":"post","link":"http:\/\/losintereses.ar\/index.php\/2022\/06\/28\/quienes-eran-los-grupos-de-poder-en-buenos-aires\/","title":{"rendered":"Quienes eran los Grupos de Poder en Buenos Aires"},"content":{"rendered":"\n<p><a href=\"https:\/\/brainly.lat\/tarea\/40447128\">Quienes eran los grupos de poder en Buenos Aires &#8211; Brainly.lat<\/a><\/p>\n\n\n\n<p>arribarochi<\/p>\n\n\n\n<ul><li>26.04.2021<\/li><li><a href=\"https:\/\/brainly.lat\/asunto_url\/ciencias_sociales\">Ciencias Sociales<\/a><\/li><li><a href=\"https:\/\/brainly.lat\/asunto_url\/ciencias_sociales\/bachillerato\">Bachillerato<\/a><\/li><\/ul>\n\n\n\n<p>contestada<\/p>\n\n\n\n<h1 class=\"wp-block-heading\"><strong>Quienes eran los grupos de poder en Buenos Aires<\/strong><\/h1>\n\n\n\n<p>Mira qu\u00e9 dice la comunidad y desbloquea una medalla<\/p>\n\n\n\n<p><a href=\"https:\/\/imasdk.googleapis.com\/js\/core\/bridge3.519.0_en.html#goog_1915140533\">https:\/\/imasdk.googleapis.com\/js\/core\/bridge3.519.0_en.html#goog_1915140533<\/a><\/p>\n\n\n\n<p><a href=\"https:\/\/imasdk.googleapis.com\/js\/core\/bridge3.519.0_en.html#goog_1466174855\">https:\/\/imasdk.googleapis.com\/js\/core\/bridge3.519.0_en.html#goog_1466174855<\/a><\/p>\n\n\n\n<p><a href=\"https:\/\/imasdk.googleapis.com\/js\/core\/bridge3.519.0_en.html#goog_1375444426\">https:\/\/imasdk.googleapis.com\/js\/core\/bridge3.519.0_en.html#goog_1375444426<\/a><\/p>\n\n\n\n<h3 class=\"wp-block-heading\">Respuesta<\/h3>\n\n\n\n<p>4<\/p>\n\n\n\n<ul><li>Avanzado<\/li><li><strong>33<\/strong>&nbsp;respuestas<\/li><li><strong>2.9 mil<\/strong>&nbsp;personas ayudadas<\/li><\/ul>\n\n\n\n<p>Respuesta:grupos de poder en buenos aires<\/p>\n\n\n\n<p>Explicaci\u00f3n: La organizaci\u00f3n pol\u00edtica de la Ciudad Aut\u00f3noma de Buenos Aires consta de tres poderes: Ejecutivo;Legislativo; y el Judicial integrado por el Consejo de la Magistratura, el Ministerio P\u00fablico y dem\u00e1s Tribunales de la ciudad. Las Comunas son unidades de des centralizaci\u00f3n administrativa que reemplazar\u00e1n a los Centros de Gesti\u00f3n y Participaci\u00f3n Comunal.<\/p>\n\n\n\n<ul><li><a href=\"https:\/\/brainly.lat\/perfil\/arribarochi-15378779\"><\/a><a href=\"https:\/\/brainly.lat\/perfil\/arribarochi-15378779\"><\/a>En torno a la revoluci\u00f3n de mayo estoy viendo<\/li><\/ul>\n\n\n\n<p>Respuesta<\/p>\n\n\n\n<p>5,0\/5<\/p>\n\n\n\n<p>3<\/p>\n\n\n\n<p>Luzminie9395<\/p>\n\n\n\n<ul><li>Ambicioso<\/li><li><strong>48<\/strong>&nbsp;respuestas<\/li><li><strong>2.9 mil<\/strong>&nbsp;personas ayudadas<\/li><\/ul>\n\n\n\n<p>Respuesta:<\/p>\n\n\n\n<p>El enfrentamiento se produjo entre estos dos grupos: el primero llamado absolutista por defender que el poder absoluto estaba en el Rey; el segundo, revolucionario por querer modificar el orden de las cosas.<\/p>\n\n\n\n<p>Dr. Juan Jos\u00e9 Castelli.<\/p>\n\n\n\n<p>Manuel Belgrano.<\/p>\n\n\n\n<p>Miguel de Azcu\u00e9naga.<\/p>\n\n\n\n<p>Dr. Manuel Alberti.<\/p>\n\n\n\n<p>Domingo Matheu.<\/p>\n\n\n\n<p>Juan Larrea.<\/p>\n\n\n\n<p>Explicaci\u00f3n:<\/p>\n","protected":false},"excerpt":{"rendered":"<p>Quienes eran los grupos de poder en Buenos Aires &#8211; Brainly.lat arribarochi 26.04.2021 Ciencias Sociales Bachillerato contestada Quienes eran los grupos de poder en Buenos &hellip;<\/p>\n","protected":false},"author":1,"featured_media":0,"comment_status":"open","ping_status":"open","sticky":false,"template":"","format":"standard","meta":{"om_disable_all_campaigns":false,"_mi_skip_tracking":false,"_monsterinsights_sitenote_active":false,"_monsterinsights_sitenote_note":"","_monsterinsights_sitenote_category":0,"footnotes":""},"categories":[1],"tags":[],"aioseo_notices":[],"_links":{"self":[{"href":"http:\/\/losintereses.ar\/index.php\/wp-json\/wp\/v2\/posts\/238"}],"collection":[{"href":"http:\/\/losintereses.ar\/index.php\/wp-json\/wp\/v2\/posts"}],"about":[{"href":"http:\/\/losintereses.ar\/index.php\/wp-json\/wp\/v2\/types\/post"}],"author":[{"embeddable":true,"href":"http:\/\/losintereses.ar\/index.php\/wp-json\/wp\/v2\/users\/1"}],"replies":[{"embeddable":true,"href":"http:\/\/losintereses.ar\/index.php\/wp-json\/wp\/v2\/comments?post=238"}],"version-history":[{"count":1,"href":"http:\/\/losintereses.ar\/index.php\/wp-json\/wp\/v2\/posts\/238\/revisions"}],"predecessor-version":[{"id":239,"href":"http:\/\/losintereses.ar\/index.php\/wp-json\/wp\/v2\/posts\/238\/revisions\/239"}],"wp:attachment":[{"href":"http:\/\/losintereses.ar\/index.php\/wp-json\/wp\/v2\/media?parent=238"}],"wp:term":[{"taxonomy":"category","embeddable":true,"href":"http:\/\/losintereses.ar\/index.php\/wp-json\/wp\/v2\/categories?post=238"},{"taxonomy":"post_tag","embeddable":true,"href":"http:\/\/losintereses.ar\/index.php\/wp-json\/wp\/v2\/tags?post=238"}],"curies":[{"name":"wp","href":"https:\/\/api.w.org\/{rel}","templated":true}]}}