{"id":257,"date":"2022-06-28T15:22:15","date_gmt":"2022-06-28T18:22:15","guid":{"rendered":"http:\/\/losintereses.ar\/?p=257"},"modified":"2022-06-28T15:22:16","modified_gmt":"2022-06-28T18:22:16","slug":"periodismo-ambiental-ods-grupos-de-poder-y-agua","status":"publish","type":"post","link":"http:\/\/losintereses.ar\/index.php\/2022\/06\/28\/periodismo-ambiental-ods-grupos-de-poder-y-agua\/","title":{"rendered":"Periodismo ambiental, ODS, grupos de poder y agua"},"content":{"rendered":"\n<p><a href=\"https:\/\/www.iagua.es\/blogs\/luis-lujan-cardenas\/periodismo-ambiental-ods-grupos-poder-y-agua\" target=\"_blank\" rel=\"noreferrer noopener\">Periodismo ambiental, ODS, grupos de poder y agua | iAgua<\/a><\/p>\n\n\n\n<figure class=\"wp-block-image\"><a href=\"https:\/\/www.iagua.es\/usuarios\/luis-lujan-cardenas\"><img decoding=\"async\" src=\"https:\/\/www.iagua.es\/sites\/default\/files\/styles\/thumbnail-50x50\/public\/pictures\/10213942173811099.jpg?itok=dr6mbTsN\" alt=\"Luis Luj\u00e1n C\u00e1rdenas\" title=\"Ver perfil de Luis Luj\u00e1n C\u00e1rdenas\"\/><\/a><figcaption><a href=\"https:\/\/www.iagua.es\/blogs\/luis-lujan-cardenas\">Luis Luj\u00e1n C\u00e1rdenas<\/a><\/figcaption><\/figure>\n\n\n\n<ul><li><img decoding=\"async\" src=\"https:\/\/www.iagua.es\/sites\/default\/files\/styles\/thumbnail-830x455\/public\/periodismo-ambiental-2.jpg?itok=xCpBtKL1\" alt=\"Periodismo ambiental, ODS, grupos poder y agua\">Foto:&nbsp;Sandra Valeska Arias Figueroa. Facultad y Escuela Profesional de Ciencias de la Comunicaci\u00f3n, UPAO.<\/li><\/ul>\n\n\n\n<p>Soci\u00f3logo y Periodista, Mag\u00edster en Administraci\u00f3n, especialista en Comunicaci\u00f3n para el Ecodesarrollo, articulista en diversos medios escritos de Per\u00fa.<\/p>\n\n\n\n<p><a href=\"https:\/\/www.facebook.com\/app_scoped_user_id\/10213942173811099\/\" target=\"_blank\" rel=\"noreferrer noopener\">facebook<\/a><\/p>\n\n\n\n<p>30\/09\/202<a href=\"https:\/\/www.iagua.es\/user\/login?destination=node\/114044\"><\/a><\/p>\n\n\n\n<h3 class=\"wp-block-heading\">TEMAS<\/h3>\n\n\n\n<p><a href=\"https:\/\/www.iagua.es\/espana\">ESPA\u00d1A<\/a>&nbsp;|<\/p>\n\n\n\n<p><a href=\"https:\/\/www.iagua.es\/brasil\">BRASIL<\/a>&nbsp;|<\/p>\n\n\n\n<p><a href=\"https:\/\/www.iagua.es\/peru\">PER\u00da<\/a>&nbsp;|<\/p>\n\n\n\n<p><a href=\"https:\/\/www.iagua.es\/noticias\/eventos\">EVENTOS<\/a>&nbsp;|<\/p>\n\n\n\n<p><a href=\"https:\/\/www.iagua.es\/noticias\/informacion\">INFORMACI\u00d3N<\/a><\/p>\n\n\n\n<p>El periodismo ambiental enfrenta grandes retos en el siglo XXI. No solo debemos ir al ritmo del acelerado progreso de la ciencia, la tecnolog\u00eda, la informaci\u00f3n y la globalizaci\u00f3n, sino tambi\u00e9n al continuo desenvolvimiento de las sociedades y su relaci\u00f3n e interacci\u00f3n con el medio ambiente.<\/p>\n\n\n\n<p>El mundo cada vez se hace m\u00e1s complejo, y nuestra mirada y comprensi\u00f3n de los fen\u00f3menos socioecol\u00f3gicos debe ser sist\u00e9mica, multidimensional, transdisciplinar y fundamentalmente cr\u00edtica, para lograr la mayor objetividad posible en nuestra labor profesional de comunicar y ser agentes de desarrollo, y brindar as\u00ed a la ciudadan\u00eda informaci\u00f3n y comunicaci\u00f3n de suma calidad y eficiencia, con alto grado de objetividad y credibilidad.<\/p>\n\n\n\n<p>La ciudadan\u00eda merece informaci\u00f3n transparente y objetiva para un mayor conocimiento de la realidad, mejor toma de decisiones y concienciaci\u00f3n de las relaciones sociales; pero tambi\u00e9n para una actitud de cambio y de buenas pr\u00e1cticas ambientales y ciudadanas.<\/p>\n\n\n\n<blockquote class=\"wp-block-quote\"><p>El periodismo ambiental enfrenta grandes retos en el siglo XXI<\/p><\/blockquote>\n\n\n\n<p>En las actuales circunstancias de muchas y constantes acciones antr\u00f3picas negativas contra los ecosistemas y la biodiversidad, am\u00e9n de los efectos del cambio clim\u00e1tico, que vulneran cada vez m\u00e1s las sociedades, poniendo en duda y riesgo el cumplimiento al 2030 de los Objetivos de Desarrollo Sostenible (ODS), el periodista ambiental \u2015y por supuesto de otras especialidades\u2015 tiene que actualizar constante y permanentemente su conocimiento comunicacional y socioecol\u00f3gico, reforzando su responsabilidad social, coadyuvando a que los actores pol\u00edticos decisorios adquieran conciencia que la vida en el planeta demanda soluciones globales y locales efectivas y urgentes.<\/p>\n\n\n\n<p>Y en este punto de gran complejidad social, econ\u00f3mica, pol\u00edtica, cultural y ecol\u00f3gica, donde el agotamiento de los servicios ecosist\u00e9micos es una constante, existe la imperiosa obligaci\u00f3n de desentra\u00f1ar, develar y desenmascarar aquellos hilos ocultos desde el poder que tanto da\u00f1o le hacen al equilibrio sociedad-naturaleza, desde que se inici\u00f3 hace tres siglos la Era del Antropoceno, con el industrialismo, el consumismo y el desmesurado af\u00e1n de acumulaci\u00f3n de riqueza, desencadenando progresivamente desigualdades y brechas sociales, y destrucci\u00f3n de la naturaleza nunca antes vista.<\/p>\n\n\n\n<h2 class=\"wp-block-heading\">PUBLICIDAD<\/h2>\n\n\n\n<p><ins>https:\/\/googleads.g.doubleclick.net\/pagead\/ads?client=ca-pub-1733487849237823&amp;output=html&amp;h=280&amp;slotname=1181981935&amp;adk=256113240&amp;adf=3772570529&amp;pi=t.ma~as.1181981935&amp;w=630&amp;fwrn=4&amp;fwrnh=100&amp;lmt=1656440231&amp;rafmt=1&amp;psa=0&amp;format=630&#215;280&amp;url=https%3A%2F%2Fwww.iagua.es%2Fblogs%2Fluis-lujan-cardenas%2Fperiodismo-ambiental-ods-grupos-poder-y-agua&amp;fwr=0&amp;fwrattr=true&amp;rpe=1&amp;resp_fmts=3&amp;wgl=1&amp;uach=WyJXaW5kb3dzIiwiMTAuMC4wIiwieDg2IiwiIiwiMTAzLjAuMTI2NC4zNyIsW10sbnVsbCxudWxsLCI2NCIsW1siIE5vdDtBIEJyYW5kIiwiOTkuMC4wLjAiXSxbIk1pY3Jvc29mdCBFZGdlIiwiMTAzLjAuMTI2NC4zNyJdLFsiQ2hyb21pdW0iLCIxMDMuMC41MDYwLjUzIl1dLGZhbHNlXQ..&amp;dt=1656440236686&amp;bpp=38&amp;bdt=2934&amp;idt=609&amp;shv=r20220623&amp;mjsv=m202206230101&amp;ptt=9&amp;saldr=aa&amp;abxe=1&amp;cookie=ID%3Deffc3ca9fc17c0f3-22d3a9296d7c002c%3AT%3D1656440240%3ART%3D1656440240%3AS%3DALNI_MZYKPsL4B8KOEDhatVU2WFuaanhvg&amp;gpic=UID%3D000007340c326b1a%3AT%3D1656440240%3ART%3D1656440240%3AS%3DALNI_MaMsuKfOviRYVxymAfrkS4xR0ETLQ&amp;prev_fmts=0x0&amp;nras=1&amp;correlator=4127691663816&amp;frm=20&amp;pv=1&amp;ga_vid=582403853.1656440237&amp;ga_sid=1656440237&amp;ga_hid=1480060633&amp;ga_fc=1&amp;u_tz=-180&amp;u_his=2&amp;u_h=768&amp;u_w=1366&amp;u_ah=728&amp;u_aw=1366&amp;u_cd=24&amp;u_sd=0.8&amp;dmc=8&amp;adx=210&amp;ady=2237&amp;biw=805&amp;bih=778&amp;scr_x=0&amp;scr_y=3414&amp;eid=44759876%2C44759927%2C44759842%2C44763506%2C31068195&amp;oid=2&amp;pvsid=3549750814401763&amp;tmod=101582692&amp;wsm=1&amp;uas=3&amp;nvt=1&amp;eae=0&amp;fc=1920&amp;brdim=666%2C19%2C666%2C19%2C1366%2C0%2C677%2C728%2C826%2C800&amp;vis=1&amp;rsz=o%7C%7CeE%7C&amp;abl=CS&amp;pfx=0&amp;fu=1152&amp;bc=31&amp;ifi=2&amp;uci=a!2&amp;fsb=1&amp;xpc=rwOFZbP6B7&amp;p=https%3A\/\/www.iagua.es&amp;dtd=9183<\/ins><\/p>\n\n\n\n<p>No hace mucho, las Naciones Unidas, luego de un riguroso estudio<a href=\"https:\/\/www.iagua.es\/blogs\/luis-lujan-cardenas\/periodismo-ambiental-ods-grupos-poder-y-agua#_ftn1\">[1]<\/a>&nbsp;sobre la realidad h\u00eddrica mundial, ha afirmado que la \u00abescasez en el centro de la crisis h\u00eddrica mundial est\u00e1 enraizada en el poder, la pobreza y la desigualdad, no en la disponibilidad f\u00edsica\u00bb y que \u00abla escasez es fabricada a trav\u00e9s de procesos pol\u00edticos e institucionales que dejan en desventaja a los pobres\u00bb.<\/p>\n\n\n\n<p>La actual crisis ambiental planetaria (escasez h\u00eddrica, deforestaci\u00f3n, desertificaci\u00f3n, contaminaci\u00f3n, disminuci\u00f3n de los recursos naturales, incluso la pandemia de la&nbsp;Covid \u2013 19, entre otros) es un tema de gobernanza, de desgobierno, de intereses econ\u00f3micos y ego\u00edstas, de corrupci\u00f3n y de incapacidad, que afecta a la inmensa mayor\u00eda de la poblaci\u00f3n.<\/p>\n\n\n\n<p>Un claro ejemplo de esto es Am\u00e9rica del Sur que posee la tercera parte de agua dulce del planeta, pero alrededor de una treintena de grandes ciudades en Brasil, Argentina, Chile y Per\u00fa est\u00e1n sufriendo estr\u00e9s h\u00eddrico, y la tendencia es a empeorar por la d\u00e9bil gobernanza h\u00eddrica a causa de diferentes factores socioecon\u00f3micos.<\/p>\n\n\n\n<p>Si el hombre y la mujer gestionaran sostenidamente con responsabilidad social el capital social y natural, de la mano de la ciencia y la tecnolog\u00eda, con vocaci\u00f3n de servicio, solidaridad y sentido humano, respetando el equilibrio entre los intereses de la humanidad y del medio ambiente, no estar\u00edamos tan preocupados como hoy; e incluso el impacto del cambio clim\u00e1tico ser\u00eda menor ante una resiliencia inteligente.<\/p>\n\n\n\n<p>El periodismo ambiental es un actor de suma importancia en la gesti\u00f3n de los recursos naturales y los servicios ecosist\u00e9micos; y generalmente es obviado o ignorado por las instituciones y las pol\u00edticas p\u00fablicas, pese a su gran papel en la informaci\u00f3n, comunicaci\u00f3n, integraci\u00f3n, educaci\u00f3n, concienciaci\u00f3n y transformaci\u00f3n social.<\/p>\n\n\n\n<p>Estas reflexiones son a prop\u00f3sito de tres razones: la primera, la conmemoraci\u00f3n el 1ro. de octubre del D\u00eda del Periodista; recordando la aparici\u00f3n del primer diario del Per\u00fa y Am\u00e9rica: el Diario de Lima, fundado por Jaime Bausate y Meza, nombre que lleva la Escuela de Periodismo fundada en 1958 y que mediante la Ley N\u00ba 29278 adquiri\u00f3 el estatus de Universidad, de la cual me honro ser unos de sus egresados.<\/p>\n\n\n\n<p>La segunda raz\u00f3n: la conmemoraci\u00f3n este 3 de octubre del D\u00eda Interamericano del Agua, instituido en 1992, por la Organizaci\u00f3n Panamericana de la Salud (OPS), la Asociaci\u00f3n Interamericana de Ingenier\u00eda Sanitaria (AIDIS) y la Asociaci\u00f3n Caribe\u00f1a de Agua y Aguas Residuales (CWWA), cuyo objetivo es reflexionar y actuar sobre el valor del agua y su importancia en el transcurrir de la humanidad.<\/p>\n\n\n\n<p>Y, tercero, por el \u00e9xito de la organizaci\u00f3n del seminario taller \u2018Periodismo ambiental y conciencia ecol\u00f3gica en torno al agua\u2019, que desde este 5 de octubre al 15 de noviembre capacitar\u00e1 a 80 profesionales peruanos. Agradezco la invitaci\u00f3n como expositor a los organizadores del evento: la Asociaci\u00f3n de Comunicadores Sociales \u2018Calandria\u2019, instituci\u00f3n comprometida con la defensa y promoci\u00f3n del medio ambiente desde hace 37 a\u00f1o; y la Agencia Suiza para el Desarrollo y la Cooperaci\u00f3n \u2013 COSUDE, organismo de cooperaci\u00f3n internacional sobre el cuidado del medio ambiente y la gesti\u00f3n sostenible del agua y el desarrollo humano.<\/p>\n\n\n\n<p><a href=\"https:\/\/www.iagua.es\/blogs\/luis-lujan-cardenas\/periodismo-ambiental-ods-grupos-poder-y-agua#_ftnref1\">[1]<\/a>&nbsp;Programa de las Naciones Unidas para el Desarrollo (2006). Informe sobre Desarrollo Humano. M\u00e1s all\u00e1 de la escasez: Poder, pobreza y la crisis mundial del agua.&nbsp;<a href=\"http:\/\/hdr.undp.org\/sites\/default\/files\/hdr_2006_es_completo.pdf\">Ver<\/a>.<\/p>\n","protected":false},"excerpt":{"rendered":"<p>Periodismo ambiental, ODS, grupos de poder y agua | iAgua Foto:&nbsp;Sandra Valeska Arias Figueroa. Facultad y Escuela Profesional de Ciencias de la Comunicaci\u00f3n, UPAO. Soci\u00f3logo &hellip;<\/p>\n","protected":false},"author":1,"featured_media":0,"comment_status":"open","ping_status":"open","sticky":false,"template":"","format":"standard","meta":{"om_disable_all_campaigns":false,"_mi_skip_tracking":false,"_monsterinsights_sitenote_active":false,"_monsterinsights_sitenote_note":"","_monsterinsights_sitenote_category":0,"footnotes":""},"categories":[1],"tags":[],"aioseo_notices":[],"_links":{"self":[{"href":"http:\/\/losintereses.ar\/index.php\/wp-json\/wp\/v2\/posts\/257"}],"collection":[{"href":"http:\/\/losintereses.ar\/index.php\/wp-json\/wp\/v2\/posts"}],"about":[{"href":"http:\/\/losintereses.ar\/index.php\/wp-json\/wp\/v2\/types\/post"}],"author":[{"embeddable":true,"href":"http:\/\/losintereses.ar\/index.php\/wp-json\/wp\/v2\/users\/1"}],"replies":[{"embeddable":true,"href":"http:\/\/losintereses.ar\/index.php\/wp-json\/wp\/v2\/comments?post=257"}],"version-history":[{"count":1,"href":"http:\/\/losintereses.ar\/index.php\/wp-json\/wp\/v2\/posts\/257\/revisions"}],"predecessor-version":[{"id":258,"href":"http:\/\/losintereses.ar\/index.php\/wp-json\/wp\/v2\/posts\/257\/revisions\/258"}],"wp:attachment":[{"href":"http:\/\/losintereses.ar\/index.php\/wp-json\/wp\/v2\/media?parent=257"}],"wp:term":[{"taxonomy":"category","embeddable":true,"href":"http:\/\/losintereses.ar\/index.php\/wp-json\/wp\/v2\/categories?post=257"},{"taxonomy":"post_tag","embeddable":true,"href":"http:\/\/losintereses.ar\/index.php\/wp-json\/wp\/v2\/tags?post=257"}],"curies":[{"name":"wp","href":"https:\/\/api.w.org\/{rel}","templated":true}]}}